{"id":30630,"date":"2025-10-30T04:58:24","date_gmt":"2025-10-30T04:58:24","guid":{"rendered":"https:\/\/modusportal.ba\/mojevijesti\/2025\/10\/30\/puljic-u-petak-bismo-mogli-svjedociti-sluzbenim-promjenama-americke-politike\/"},"modified":"2025-10-30T04:58:24","modified_gmt":"2025-10-30T04:58:24","slug":"puljic-u-petak-bismo-mogli-svjedociti-sluzbenim-promjenama-americke-politike","status":"publish","type":"post","link":"https:\/\/modusportal.ba\/mojevijesti\/2025\/10\/30\/puljic-u-petak-bismo-mogli-svjedociti-sluzbenim-promjenama-americke-politike\/","title":{"rendered":"Pulji\u0107: U petak bismo mogli svjedo\u010diti slu\u017ebenim promjenama ameri\u010dke politike"},"content":{"rendered":"<p><\/p>\n<p><img loading=\"lazy\" decoding=\"async\" loading=\"lazy\" width=\"1024\" height=\"538\" src=\"https:\/\/cdn.fokus.ba\/wp-content\/uploads\/2025\/10\/ivica-puljic-2-1024x538.jpg\" class=\"attachment-large size-large wp-post-image\" alt=\"ivica puljic\"><\/p>\n<p>&#8220;Sada\u0161nja situacija nije samo rezultat lobiranja, nego i promjene ameri\u010dke politike u svijetu i prema Balkanu&#8221;, isti\u010de Pulji\u0107<\/p>\n<p><a href=\"https:\/\/www.fokus.ba\/vijesti\/bih\/puljic-u-petak-bismo-mogli-svjedociti-sluzbenim-promjenama-americke-politike\/3504252\/\">Fokus.ba <\/a><\/p>\n","protected":false},"excerpt":{"rendered":"<p>&#8220;Sada\u0161nja situacija nije samo rezultat lobiranja, nego i promjene ameri\u010dke politike u svijetu i prema Balkanu&#8221;, isti\u010de Pulji\u0107 Fokus.ba<\/p>\n","protected":false},"author":1,"featured_media":30631,"comment_status":"open","ping_status":"open","sticky":false,"template":"","format":"standard","meta":{"_siteseo_robots_primary_cat":"","footnotes":""},"categories":[],"tags":[],"class_list":["post-30630","post","type-post","status-publish","format-standard","has-post-thumbnail"],"_links":{"self":[{"href":"https:\/\/modusportal.ba\/mojevijesti\/wp-json\/wp\/v2\/posts\/30630","targetHints":{"allow":["GET"]}}],"collection":[{"href":"https:\/\/modusportal.ba\/mojevijesti\/wp-json\/wp\/v2\/posts"}],"about":[{"href":"https:\/\/modusportal.ba\/mojevijesti\/wp-json\/wp\/v2\/types\/post"}],"author":[{"embeddable":true,"href":"https:\/\/modusportal.ba\/mojevijesti\/wp-json\/wp\/v2\/users\/1"}],"replies":[{"embeddable":true,"href":"https:\/\/modusportal.ba\/mojevijesti\/wp-json\/wp\/v2\/comments?post=30630"}],"version-history":[{"count":0,"href":"https:\/\/modusportal.ba\/mojevijesti\/wp-json\/wp\/v2\/posts\/30630\/revisions"}],"wp:featuredmedia":[{"embeddable":true,"href":"https:\/\/modusportal.ba\/mojevijesti\/wp-json\/wp\/v2\/media\/30631"}],"wp:attachment":[{"href":"https:\/\/modusportal.ba\/mojevijesti\/wp-json\/wp\/v2\/media?parent=30630"}],"wp:term":[{"taxonomy":"category","embeddable":true,"href":"https:\/\/modusportal.ba\/mojevijesti\/wp-json\/wp\/v2\/categories?post=30630"},{"taxonomy":"post_tag","embeddable":true,"href":"https:\/\/modusportal.ba\/mojevijesti\/wp-json\/wp\/v2\/tags?post=30630"}],"curies":[{"name":"wp","href":"https:\/\/api.w.org\/{rel}","templated":true}]}}