{"id":30636,"date":"2025-10-30T23:04:55","date_gmt":"2025-10-30T23:04:55","guid":{"rendered":"https:\/\/modusportal.ba\/mojevijesti\/2025\/10\/30\/amir-karic-inaugurisan-na-poziciju-novog-rektora-univerziteta-u-tuzli-najavljena-izgradnja-kampusa\/"},"modified":"2025-10-30T23:04:55","modified_gmt":"2025-10-30T23:04:55","slug":"amir-karic-inaugurisan-na-poziciju-novog-rektora-univerziteta-u-tuzli-najavljena-izgradnja-kampusa","status":"publish","type":"post","link":"https:\/\/modusportal.ba\/mojevijesti\/2025\/10\/30\/amir-karic-inaugurisan-na-poziciju-novog-rektora-univerziteta-u-tuzli-najavljena-izgradnja-kampusa\/","title":{"rendered":"Amir Kari\u0107 inaugurisan na poziciju novog rektora Univerziteta u Tuzli. Najavljena izgradnja kampusa"},"content":{"rendered":"<p><\/p>\n<p><img loading=\"lazy\" decoding=\"async\" loading=\"lazy\" width=\"1024\" height=\"538\" src=\"https:\/\/cdn.fokus.ba\/wp-content\/uploads\/2025\/10\/univerzitet-iu-tuzli-1024x538.jpg\" class=\"attachment-large size-large wp-post-image\" alt=\"univerzitet u tuzli\"><\/p>\n<p>U svom inauguralnom obra\u0107anju, rektor Kari\u0107 je istakao da Univerzitet u Tuzli mora biti \u201ezajednica znanja, otvorenosti i istra\u017eivanja\u201c, mjesto koje \u0107e promi\u0161ljati budu\u0107nost s odgovorno\u0161\u0107u prema dru\u0161tvu i novim generacijama<\/p>\n<p><a href=\"https:\/\/www.fokus.ba\/vijesti\/bih\/amir-karic-inaugurisan-na-poziciju-novog-rektora-univerziteta-u-tuzli-najavljena-izgradnja-kampusa\/3504461\/\">Fokus.ba <\/a><\/p>\n","protected":false},"excerpt":{"rendered":"<p>U svom inauguralnom obra\u0107anju, rektor Kari\u0107 je istakao da Univerzitet u Tuzli mora biti \u201ezajednica znanja, otvorenosti i istra\u017eivanja\u201c, mjesto koje \u0107e promi\u0161ljati budu\u0107nost s odgovorno\u0161\u0107u prema dru\u0161tvu i novim generacijama Fokus.ba<\/p>\n","protected":false},"author":1,"featured_media":30637,"comment_status":"open","ping_status":"open","sticky":false,"template":"","format":"standard","meta":{"_siteseo_robots_primary_cat":"","footnotes":""},"categories":[],"tags":[],"class_list":["post-30636","post","type-post","status-publish","format-standard","has-post-thumbnail"],"_links":{"self":[{"href":"https:\/\/modusportal.ba\/mojevijesti\/wp-json\/wp\/v2\/posts\/30636","targetHints":{"allow":["GET"]}}],"collection":[{"href":"https:\/\/modusportal.ba\/mojevijesti\/wp-json\/wp\/v2\/posts"}],"about":[{"href":"https:\/\/modusportal.ba\/mojevijesti\/wp-json\/wp\/v2\/types\/post"}],"author":[{"embeddable":true,"href":"https:\/\/modusportal.ba\/mojevijesti\/wp-json\/wp\/v2\/users\/1"}],"replies":[{"embeddable":true,"href":"https:\/\/modusportal.ba\/mojevijesti\/wp-json\/wp\/v2\/comments?post=30636"}],"version-history":[{"count":0,"href":"https:\/\/modusportal.ba\/mojevijesti\/wp-json\/wp\/v2\/posts\/30636\/revisions"}],"wp:featuredmedia":[{"embeddable":true,"href":"https:\/\/modusportal.ba\/mojevijesti\/wp-json\/wp\/v2\/media\/30637"}],"wp:attachment":[{"href":"https:\/\/modusportal.ba\/mojevijesti\/wp-json\/wp\/v2\/media?parent=30636"}],"wp:term":[{"taxonomy":"category","embeddable":true,"href":"https:\/\/modusportal.ba\/mojevijesti\/wp-json\/wp\/v2\/categories?post=30636"},{"taxonomy":"post_tag","embeddable":true,"href":"https:\/\/modusportal.ba\/mojevijesti\/wp-json\/wp\/v2\/tags?post=30636"}],"curies":[{"name":"wp","href":"https:\/\/api.w.org\/{rel}","templated":true}]}}