{"id":30654,"date":"2025-11-02T05:39:53","date_gmt":"2025-11-02T05:39:53","guid":{"rendered":"https:\/\/modusportal.ba\/mojevijesti\/2025\/11\/02\/halilagic-o-slucaju-iz-tuzle-koji-je-zgrozio-javnost-svaki-normalan-covjek-i-cjelokupna-javnost-zgrozeni-su\/"},"modified":"2025-11-02T05:39:53","modified_gmt":"2025-11-02T05:39:53","slug":"halilagic-o-slucaju-iz-tuzle-koji-je-zgrozio-javnost-svaki-normalan-covjek-i-cjelokupna-javnost-zgrozeni-su","status":"publish","type":"post","link":"https:\/\/modusportal.ba\/mojevijesti\/2025\/11\/02\/halilagic-o-slucaju-iz-tuzle-koji-je-zgrozio-javnost-svaki-normalan-covjek-i-cjelokupna-javnost-zgrozeni-su\/","title":{"rendered":"Halilagi\u0107 o slu\u010daju iz Tuzle koji je zgrozio javnost: Svaki normalan \u010dovjek i cjelokupna javnost, zgro\u017eeni su"},"content":{"rendered":"<p><\/p>\n<p><img loading=\"lazy\" decoding=\"async\" loading=\"lazy\" width=\"1024\" height=\"538\" src=\"https:\/\/cdn.fokus.ba\/wp-content\/uploads\/2024\/07\/irfan-halilagic-1024x538.webp\" class=\"attachment-large size-large wp-post-image\" alt=\"Irfan Halilagi\u0107, premijer Vlade Tuzlanskog kantona\"><\/p>\n<p>Premijer Halilagi\u0107 je naglasio da u potpunosti po\u0161tuju presumpciju nevinosti koja ka\u017ee da niko nije kriv dok se ne utvrdi suprotno<\/p>\n<p><a href=\"https:\/\/www.fokus.ba\/vijesti\/bih\/halilagic-o-slucaju-iz-tuzle-koji-je-zgrozio-javnost-svaki-normalan-covjek-i-cjelokupna-javnost-zgrozeni-su\/3504974\/\">Fokus.ba <\/a><\/p>\n","protected":false},"excerpt":{"rendered":"<p>Premijer Halilagi\u0107 je naglasio da u potpunosti po\u0161tuju presumpciju nevinosti koja ka\u017ee da niko nije kriv dok se ne utvrdi suprotno Fokus.ba<\/p>\n","protected":false},"author":1,"featured_media":30655,"comment_status":"open","ping_status":"open","sticky":false,"template":"","format":"standard","meta":{"_siteseo_robots_primary_cat":"","footnotes":""},"categories":[],"tags":[],"class_list":["post-30654","post","type-post","status-publish","format-standard","has-post-thumbnail"],"_links":{"self":[{"href":"https:\/\/modusportal.ba\/mojevijesti\/wp-json\/wp\/v2\/posts\/30654","targetHints":{"allow":["GET"]}}],"collection":[{"href":"https:\/\/modusportal.ba\/mojevijesti\/wp-json\/wp\/v2\/posts"}],"about":[{"href":"https:\/\/modusportal.ba\/mojevijesti\/wp-json\/wp\/v2\/types\/post"}],"author":[{"embeddable":true,"href":"https:\/\/modusportal.ba\/mojevijesti\/wp-json\/wp\/v2\/users\/1"}],"replies":[{"embeddable":true,"href":"https:\/\/modusportal.ba\/mojevijesti\/wp-json\/wp\/v2\/comments?post=30654"}],"version-history":[{"count":0,"href":"https:\/\/modusportal.ba\/mojevijesti\/wp-json\/wp\/v2\/posts\/30654\/revisions"}],"wp:featuredmedia":[{"embeddable":true,"href":"https:\/\/modusportal.ba\/mojevijesti\/wp-json\/wp\/v2\/media\/30655"}],"wp:attachment":[{"href":"https:\/\/modusportal.ba\/mojevijesti\/wp-json\/wp\/v2\/media?parent=30654"}],"wp:term":[{"taxonomy":"category","embeddable":true,"href":"https:\/\/modusportal.ba\/mojevijesti\/wp-json\/wp\/v2\/categories?post=30654"},{"taxonomy":"post_tag","embeddable":true,"href":"https:\/\/modusportal.ba\/mojevijesti\/wp-json\/wp\/v2\/tags?post=30654"}],"curies":[{"name":"wp","href":"https:\/\/api.w.org\/{rel}","templated":true}]}}