{"id":30656,"date":"2025-11-02T11:41:06","date_gmt":"2025-11-02T11:41:06","guid":{"rendered":"https:\/\/modusportal.ba\/mojevijesti\/2025\/11\/02\/hoce-li-spiric-kosarac-i-amidzic-biti-smijenjeni-u-ponedjeljak\/"},"modified":"2025-11-02T11:41:06","modified_gmt":"2025-11-02T11:41:06","slug":"hoce-li-spiric-kosarac-i-amidzic-biti-smijenjeni-u-ponedjeljak","status":"publish","type":"post","link":"https:\/\/modusportal.ba\/mojevijesti\/2025\/11\/02\/hoce-li-spiric-kosarac-i-amidzic-biti-smijenjeni-u-ponedjeljak\/","title":{"rendered":"Ho\u0107e li \u0160piri\u0107, Ko\u0161arac i Amid\u017ei\u0107 biti smijenjeni u ponedjeljak?"},"content":{"rendered":"<p><\/p>\n<p><img loading=\"lazy\" decoding=\"async\" loading=\"lazy\" width=\"1024\" height=\"538\" src=\"https:\/\/cdn.fokus.ba\/wp-content\/uploads\/2025\/04\/spiric-1024x538.webp\" class=\"attachment-large size-large wp-post-image\" alt=\"nikola \u0161piri\u0107 i dragan \u010dovi\u0107\"><\/p>\n<p>Predlaga\u010di Nenad Vukovi\u0107 (PDP), \u017delimir Ne\u0161kovi\u0107 (SDS), Ilija Cvitanovi\u0107 (HDZ 1990), Zlatko Mileti\u0107 (nezavisni delegat) i Kemal Ademovi\u0107 (NiP)<\/p>\n<p><a href=\"https:\/\/www.fokus.ba\/vijesti\/bih\/hoce-li-spiric-kosarac-i-amidzic-biti-smijenjeni-u-ponedjeljak\/3505044\/\">Fokus.ba <\/a><\/p>\n","protected":false},"excerpt":{"rendered":"<p>Predlaga\u010di Nenad Vukovi\u0107 (PDP), \u017delimir Ne\u0161kovi\u0107 (SDS), Ilija Cvitanovi\u0107 (HDZ 1990), Zlatko Mileti\u0107 (nezavisni delegat) i Kemal Ademovi\u0107 (NiP) Fokus.ba<\/p>\n","protected":false},"author":1,"featured_media":30657,"comment_status":"open","ping_status":"open","sticky":false,"template":"","format":"standard","meta":{"_siteseo_robots_primary_cat":"","footnotes":""},"categories":[],"tags":[],"class_list":["post-30656","post","type-post","status-publish","format-standard","has-post-thumbnail"],"_links":{"self":[{"href":"https:\/\/modusportal.ba\/mojevijesti\/wp-json\/wp\/v2\/posts\/30656","targetHints":{"allow":["GET"]}}],"collection":[{"href":"https:\/\/modusportal.ba\/mojevijesti\/wp-json\/wp\/v2\/posts"}],"about":[{"href":"https:\/\/modusportal.ba\/mojevijesti\/wp-json\/wp\/v2\/types\/post"}],"author":[{"embeddable":true,"href":"https:\/\/modusportal.ba\/mojevijesti\/wp-json\/wp\/v2\/users\/1"}],"replies":[{"embeddable":true,"href":"https:\/\/modusportal.ba\/mojevijesti\/wp-json\/wp\/v2\/comments?post=30656"}],"version-history":[{"count":0,"href":"https:\/\/modusportal.ba\/mojevijesti\/wp-json\/wp\/v2\/posts\/30656\/revisions"}],"wp:featuredmedia":[{"embeddable":true,"href":"https:\/\/modusportal.ba\/mojevijesti\/wp-json\/wp\/v2\/media\/30657"}],"wp:attachment":[{"href":"https:\/\/modusportal.ba\/mojevijesti\/wp-json\/wp\/v2\/media?parent=30656"}],"wp:term":[{"taxonomy":"category","embeddable":true,"href":"https:\/\/modusportal.ba\/mojevijesti\/wp-json\/wp\/v2\/categories?post=30656"},{"taxonomy":"post_tag","embeddable":true,"href":"https:\/\/modusportal.ba\/mojevijesti\/wp-json\/wp\/v2\/tags?post=30656"}],"curies":[{"name":"wp","href":"https:\/\/api.w.org\/{rel}","templated":true}]}}