{"id":30674,"date":"2025-11-04T18:12:34","date_gmt":"2025-11-04T18:12:34","guid":{"rendered":"https:\/\/modusportal.ba\/mojevijesti\/2025\/11\/04\/soreca-vrata-eu-ka-prosirenju-otvorena-bih-treba-ubrzati-napredak\/"},"modified":"2025-11-04T18:12:34","modified_gmt":"2025-11-04T18:12:34","slug":"soreca-vrata-eu-ka-prosirenju-otvorena-bih-treba-ubrzati-napredak","status":"publish","type":"post","link":"https:\/\/modusportal.ba\/mojevijesti\/2025\/11\/04\/soreca-vrata-eu-ka-prosirenju-otvorena-bih-treba-ubrzati-napredak\/","title":{"rendered":"Soreca: Vrata EU ka pro\u0161irenju otvorena, BiH treba ubrzati napredak"},"content":{"rendered":"<p><\/p>\n<p><img loading=\"lazy\" decoding=\"async\" loading=\"lazy\" width=\"1024\" height=\"538\" src=\"https:\/\/cdn.fokus.ba\/wp-content\/uploads\/2025\/10\/soreca-1024x538.webp\" class=\"attachment-large size-large wp-post-image\" alt=\"soreca\"><\/p>\n<p>Soreca je istakao da je uz politi\u010dku volju i saradnju odr\u017eavanje prve me\u0111uvladine konferencije dosti\u017eno te da \u0107e EU nastaviti da podr\u017eava BiH na svakom koraku<\/p>\n<p><a href=\"https:\/\/www.fokus.ba\/vijesti\/bih\/soreca-vrata-eu-ka-prosirenju-otvorena-bih-treba-ubrzati-napredak\/3505518\/\">Fokus.ba <\/a><\/p>\n","protected":false},"excerpt":{"rendered":"<p>Soreca je istakao da je uz politi\u010dku volju i saradnju odr\u017eavanje prve me\u0111uvladine konferencije dosti\u017eno te da \u0107e EU nastaviti da podr\u017eava BiH na svakom koraku Fokus.ba<\/p>\n","protected":false},"author":1,"featured_media":30675,"comment_status":"open","ping_status":"open","sticky":false,"template":"","format":"standard","meta":{"_siteseo_robots_primary_cat":"","footnotes":""},"categories":[],"tags":[],"class_list":["post-30674","post","type-post","status-publish","format-standard","has-post-thumbnail"],"_links":{"self":[{"href":"https:\/\/modusportal.ba\/mojevijesti\/wp-json\/wp\/v2\/posts\/30674","targetHints":{"allow":["GET"]}}],"collection":[{"href":"https:\/\/modusportal.ba\/mojevijesti\/wp-json\/wp\/v2\/posts"}],"about":[{"href":"https:\/\/modusportal.ba\/mojevijesti\/wp-json\/wp\/v2\/types\/post"}],"author":[{"embeddable":true,"href":"https:\/\/modusportal.ba\/mojevijesti\/wp-json\/wp\/v2\/users\/1"}],"replies":[{"embeddable":true,"href":"https:\/\/modusportal.ba\/mojevijesti\/wp-json\/wp\/v2\/comments?post=30674"}],"version-history":[{"count":0,"href":"https:\/\/modusportal.ba\/mojevijesti\/wp-json\/wp\/v2\/posts\/30674\/revisions"}],"wp:featuredmedia":[{"embeddable":true,"href":"https:\/\/modusportal.ba\/mojevijesti\/wp-json\/wp\/v2\/media\/30675"}],"wp:attachment":[{"href":"https:\/\/modusportal.ba\/mojevijesti\/wp-json\/wp\/v2\/media?parent=30674"}],"wp:term":[{"taxonomy":"category","embeddable":true,"href":"https:\/\/modusportal.ba\/mojevijesti\/wp-json\/wp\/v2\/categories?post=30674"},{"taxonomy":"post_tag","embeddable":true,"href":"https:\/\/modusportal.ba\/mojevijesti\/wp-json\/wp\/v2\/tags?post=30674"}],"curies":[{"name":"wp","href":"https:\/\/api.w.org\/{rel}","templated":true}]}}