{"id":30677,"date":"2025-11-05T06:16:49","date_gmt":"2025-11-05T06:16:49","guid":{"rendered":"https:\/\/modusportal.ba\/mojevijesti\/2025\/11\/05\/dodikov-advokat-bubic-najavio-novu-apelaciju-zaboravili-su-da-treba-da-brane-ustav\/"},"modified":"2025-11-05T06:16:49","modified_gmt":"2025-11-05T06:16:49","slug":"dodikov-advokat-bubic-najavio-novu-apelaciju-zaboravili-su-da-treba-da-brane-ustav","status":"publish","type":"post","link":"https:\/\/modusportal.ba\/mojevijesti\/2025\/11\/05\/dodikov-advokat-bubic-najavio-novu-apelaciju-zaboravili-su-da-treba-da-brane-ustav\/","title":{"rendered":"Dodikov advokat Bubi\u0107 najavio novu apelaciju: Zaboravili su da treba da brane Ustav"},"content":{"rendered":"<p><\/p>\n<p><img loading=\"lazy\" decoding=\"async\" loading=\"lazy\" width=\"1024\" height=\"538\" src=\"https:\/\/cdn.fokus.ba\/wp-content\/uploads\/2025\/08\/goran-bubic-dodikov-advokat-1024x538.webp\" class=\"attachment-large size-large wp-post-image\" alt=\"goran bubic dodikov advokat\"><\/p>\n<p>Mi smo i ranije najavljali da od Ustavnog suda BiH ne mo\u017eemo Bog zna \u0161ta o\u010dekivati to se i dogodilo, ka\u017ee advokat Goran Bubi\u0107<\/p>\n<p><a href=\"https:\/\/www.fokus.ba\/vijesti\/bih\/dodikov-advokat-bubic-najavio-novu-apelaciju-zaboravili-su-da-treba-da-brane-ustav\/3505532\/\">Fokus.ba <\/a><\/p>\n","protected":false},"excerpt":{"rendered":"<p>Mi smo i ranije najavljali da od Ustavnog suda BiH ne mo\u017eemo Bog zna \u0161ta o\u010dekivati to se i dogodilo, ka\u017ee advokat Goran Bubi\u0107 Fokus.ba<\/p>\n","protected":false},"author":1,"featured_media":30678,"comment_status":"open","ping_status":"open","sticky":false,"template":"","format":"standard","meta":{"_siteseo_robots_primary_cat":"","footnotes":""},"categories":[],"tags":[],"class_list":["post-30677","post","type-post","status-publish","format-standard","has-post-thumbnail"],"_links":{"self":[{"href":"https:\/\/modusportal.ba\/mojevijesti\/wp-json\/wp\/v2\/posts\/30677","targetHints":{"allow":["GET"]}}],"collection":[{"href":"https:\/\/modusportal.ba\/mojevijesti\/wp-json\/wp\/v2\/posts"}],"about":[{"href":"https:\/\/modusportal.ba\/mojevijesti\/wp-json\/wp\/v2\/types\/post"}],"author":[{"embeddable":true,"href":"https:\/\/modusportal.ba\/mojevijesti\/wp-json\/wp\/v2\/users\/1"}],"replies":[{"embeddable":true,"href":"https:\/\/modusportal.ba\/mojevijesti\/wp-json\/wp\/v2\/comments?post=30677"}],"version-history":[{"count":0,"href":"https:\/\/modusportal.ba\/mojevijesti\/wp-json\/wp\/v2\/posts\/30677\/revisions"}],"wp:featuredmedia":[{"embeddable":true,"href":"https:\/\/modusportal.ba\/mojevijesti\/wp-json\/wp\/v2\/media\/30678"}],"wp:attachment":[{"href":"https:\/\/modusportal.ba\/mojevijesti\/wp-json\/wp\/v2\/media?parent=30677"}],"wp:term":[{"taxonomy":"category","embeddable":true,"href":"https:\/\/modusportal.ba\/mojevijesti\/wp-json\/wp\/v2\/categories?post=30677"},{"taxonomy":"post_tag","embeddable":true,"href":"https:\/\/modusportal.ba\/mojevijesti\/wp-json\/wp\/v2\/tags?post=30677"}],"curies":[{"name":"wp","href":"https:\/\/api.w.org\/{rel}","templated":true}]}}