{"id":30687,"date":"2025-11-06T12:32:10","date_gmt":"2025-11-06T12:32:10","guid":{"rendered":"https:\/\/modusportal.ba\/mojevijesti\/2025\/11\/06\/covic-nakon-otkazane-sjednice-stvara-se-pogresna-percepcija-da-neko-blokira\/"},"modified":"2025-11-06T12:32:10","modified_gmt":"2025-11-06T12:32:10","slug":"covic-nakon-otkazane-sjednice-stvara-se-pogresna-percepcija-da-neko-blokira","status":"publish","type":"post","link":"https:\/\/modusportal.ba\/mojevijesti\/2025\/11\/06\/covic-nakon-otkazane-sjednice-stvara-se-pogresna-percepcija-da-neko-blokira\/","title":{"rendered":"\u010covi\u0107 nakon otkazane sjednice: Stvara se pogre\u0161na percepcija da neko blokira"},"content":{"rendered":"<p><\/p>\n<p><img loading=\"lazy\" decoding=\"async\" loading=\"lazy\" width=\"1024\" height=\"538\" src=\"https:\/\/cdn.fokus.ba\/wp-content\/uploads\/2025\/11\/dragan-covic-1024x538.webp\" class=\"attachment-large size-large wp-post-image\" alt=\"\"><\/p>\n<p>Izrazio je uvjerenje da im treba samo malo uskla\u0111enog djelovanja, ali mu se \u010dini da smo i dalje u pravcu predizborne kampanje koja je ve\u0107 po\u010dela, \u0161to nas ne\u0107e daleko odvesti<\/p>\n<p><a href=\"https:\/\/www.fokus.ba\/vijesti\/bih\/covic-nakon-otkazane-sjednice-stvara-se-pogresna-percepcija-da-neko-blokira\/3506006\/\">Fokus.ba <\/a><\/p>\n","protected":false},"excerpt":{"rendered":"<p>Izrazio je uvjerenje da im treba samo malo uskla\u0111enog djelovanja, ali mu se \u010dini da smo i dalje u pravcu predizborne kampanje koja je ve\u0107 po\u010dela, \u0161to nas ne\u0107e daleko odvesti Fokus.ba<\/p>\n","protected":false},"author":1,"featured_media":30688,"comment_status":"open","ping_status":"open","sticky":false,"template":"","format":"standard","meta":{"_siteseo_robots_primary_cat":"","footnotes":""},"categories":[],"tags":[],"class_list":["post-30687","post","type-post","status-publish","format-standard","has-post-thumbnail"],"_links":{"self":[{"href":"https:\/\/modusportal.ba\/mojevijesti\/wp-json\/wp\/v2\/posts\/30687","targetHints":{"allow":["GET"]}}],"collection":[{"href":"https:\/\/modusportal.ba\/mojevijesti\/wp-json\/wp\/v2\/posts"}],"about":[{"href":"https:\/\/modusportal.ba\/mojevijesti\/wp-json\/wp\/v2\/types\/post"}],"author":[{"embeddable":true,"href":"https:\/\/modusportal.ba\/mojevijesti\/wp-json\/wp\/v2\/users\/1"}],"replies":[{"embeddable":true,"href":"https:\/\/modusportal.ba\/mojevijesti\/wp-json\/wp\/v2\/comments?post=30687"}],"version-history":[{"count":0,"href":"https:\/\/modusportal.ba\/mojevijesti\/wp-json\/wp\/v2\/posts\/30687\/revisions"}],"wp:featuredmedia":[{"embeddable":true,"href":"https:\/\/modusportal.ba\/mojevijesti\/wp-json\/wp\/v2\/media\/30688"}],"wp:attachment":[{"href":"https:\/\/modusportal.ba\/mojevijesti\/wp-json\/wp\/v2\/media?parent=30687"}],"wp:term":[{"taxonomy":"category","embeddable":true,"href":"https:\/\/modusportal.ba\/mojevijesti\/wp-json\/wp\/v2\/categories?post=30687"},{"taxonomy":"post_tag","embeddable":true,"href":"https:\/\/modusportal.ba\/mojevijesti\/wp-json\/wp\/v2\/tags?post=30687"}],"curies":[{"name":"wp","href":"https:\/\/api.w.org\/{rel}","templated":true}]}}