{"id":30695,"date":"2025-11-07T12:45:39","date_gmt":"2025-11-07T12:45:39","guid":{"rendered":"https:\/\/modusportal.ba\/mojevijesti\/2025\/11\/07\/zvizdic-porucio-madarskom-ministru-szijjartu-mijesanje-u-unutarnje-poslove-bih-mora-prestati\/"},"modified":"2025-11-07T12:45:39","modified_gmt":"2025-11-07T12:45:39","slug":"zvizdic-porucio-madarskom-ministru-szijjartu-mijesanje-u-unutarnje-poslove-bih-mora-prestati","status":"publish","type":"post","link":"https:\/\/modusportal.ba\/mojevijesti\/2025\/11\/07\/zvizdic-porucio-madarskom-ministru-szijjartu-mijesanje-u-unutarnje-poslove-bih-mora-prestati\/","title":{"rendered":"Zvizdi\u0107 poru\u010dio ma\u0111arskom ministru Szijjartu: Mije\u0161anje u unutarnje poslove BiH mora prestati"},"content":{"rendered":"<p><\/p>\n<p><img loading=\"lazy\" decoding=\"async\" loading=\"lazy\" width=\"1024\" height=\"538\" src=\"https:\/\/cdn.fokus.ba\/wp-content\/uploads\/2023\/07\/denis-zvizdic-1024x538.jpg\" class=\"attachment-large size-large wp-post-image\" alt=\"denis zvizdic\"><\/p>\n<p>\u201eNisu se optu\u017ebe protiv Dodika pokazale neutemeljenim, ve\u0107 je Dodik kapitulirao pred snagom i autoritetom dr\u017eavnih institucija&#8221;<\/p>\n<p><a href=\"https:\/\/www.fokus.ba\/vijesti\/bih\/zvizdic-porucio-madjarskom-ministru-szijjartu-mijesanje-u-unutarnje-poslove-bih-mora-prestati\/3506308\/\">Fokus.ba <\/a><\/p>\n","protected":false},"excerpt":{"rendered":"<p>\u201eNisu se optu\u017ebe protiv Dodika pokazale neutemeljenim, ve\u0107 je Dodik kapitulirao pred snagom i autoritetom dr\u017eavnih institucija&#8221; Fokus.ba<\/p>\n","protected":false},"author":1,"featured_media":30696,"comment_status":"open","ping_status":"open","sticky":false,"template":"","format":"standard","meta":{"_siteseo_robots_primary_cat":"","footnotes":""},"categories":[],"tags":[],"class_list":["post-30695","post","type-post","status-publish","format-standard","has-post-thumbnail"],"_links":{"self":[{"href":"https:\/\/modusportal.ba\/mojevijesti\/wp-json\/wp\/v2\/posts\/30695","targetHints":{"allow":["GET"]}}],"collection":[{"href":"https:\/\/modusportal.ba\/mojevijesti\/wp-json\/wp\/v2\/posts"}],"about":[{"href":"https:\/\/modusportal.ba\/mojevijesti\/wp-json\/wp\/v2\/types\/post"}],"author":[{"embeddable":true,"href":"https:\/\/modusportal.ba\/mojevijesti\/wp-json\/wp\/v2\/users\/1"}],"replies":[{"embeddable":true,"href":"https:\/\/modusportal.ba\/mojevijesti\/wp-json\/wp\/v2\/comments?post=30695"}],"version-history":[{"count":0,"href":"https:\/\/modusportal.ba\/mojevijesti\/wp-json\/wp\/v2\/posts\/30695\/revisions"}],"wp:featuredmedia":[{"embeddable":true,"href":"https:\/\/modusportal.ba\/mojevijesti\/wp-json\/wp\/v2\/media\/30696"}],"wp:attachment":[{"href":"https:\/\/modusportal.ba\/mojevijesti\/wp-json\/wp\/v2\/media?parent=30695"}],"wp:term":[{"taxonomy":"category","embeddable":true,"href":"https:\/\/modusportal.ba\/mojevijesti\/wp-json\/wp\/v2\/categories?post=30695"},{"taxonomy":"post_tag","embeddable":true,"href":"https:\/\/modusportal.ba\/mojevijesti\/wp-json\/wp\/v2\/tags?post=30695"}],"curies":[{"name":"wp","href":"https:\/\/api.w.org\/{rel}","templated":true}]}}