{"id":30699,"date":"2025-11-08T00:48:32","date_gmt":"2025-11-08T00:48:32","guid":{"rendered":"https:\/\/modusportal.ba\/mojevijesti\/2025\/11\/08\/penzioneri-nema-razloga-za-paniku-minimalna-penzija-se-ne-moze-umanjiti-moze-se-samo-povecati\/"},"modified":"2025-11-08T00:48:32","modified_gmt":"2025-11-08T00:48:32","slug":"penzioneri-nema-razloga-za-paniku-minimalna-penzija-se-ne-moze-umanjiti-moze-se-samo-povecati","status":"publish","type":"post","link":"https:\/\/modusportal.ba\/mojevijesti\/2025\/11\/08\/penzioneri-nema-razloga-za-paniku-minimalna-penzija-se-ne-moze-umanjiti-moze-se-samo-povecati\/","title":{"rendered":"Penzioneri, nema razloga za paniku. Minimalna penzija se ne mo\u017ee umanjiti, mo\u017ee se samo pove\u0107ati"},"content":{"rendered":"<p><\/p>\n<p><img loading=\"lazy\" decoding=\"async\" loading=\"lazy\" width=\"1024\" height=\"538\" src=\"https:\/\/cdn.fokus.ba\/wp-content\/uploads\/2025\/03\/penzije-penzioneri-1-1024x538.webp\" class=\"attachment-large size-large wp-post-image\" alt=\"penzioneri na ulicama sarajeva\"><\/p>\n<p>Novo zakonsko rje\u0161enje o radu, a o kojemu je nedavno govorio resorni ministar\u00a0Adnan Deli\u0107\u00a0donosi brojne novosti<\/p>\n<p><a href=\"https:\/\/www.fokus.ba\/vijesti\/bih\/penzioneri-nema-razloga-za-paniku-minimalna-penzija-se-ne-moze-umanjiti-moze-se-samo-povecati\/3506440\/\">Fokus.ba <\/a><\/p>\n","protected":false},"excerpt":{"rendered":"<p>Novo zakonsko rje\u0161enje o radu, a o kojemu je nedavno govorio resorni ministar\u00a0Adnan Deli\u0107\u00a0donosi brojne novosti Fokus.ba<\/p>\n","protected":false},"author":1,"featured_media":30700,"comment_status":"open","ping_status":"open","sticky":false,"template":"","format":"standard","meta":{"_siteseo_robots_primary_cat":"","footnotes":""},"categories":[],"tags":[],"class_list":["post-30699","post","type-post","status-publish","format-standard","has-post-thumbnail"],"_links":{"self":[{"href":"https:\/\/modusportal.ba\/mojevijesti\/wp-json\/wp\/v2\/posts\/30699","targetHints":{"allow":["GET"]}}],"collection":[{"href":"https:\/\/modusportal.ba\/mojevijesti\/wp-json\/wp\/v2\/posts"}],"about":[{"href":"https:\/\/modusportal.ba\/mojevijesti\/wp-json\/wp\/v2\/types\/post"}],"author":[{"embeddable":true,"href":"https:\/\/modusportal.ba\/mojevijesti\/wp-json\/wp\/v2\/users\/1"}],"replies":[{"embeddable":true,"href":"https:\/\/modusportal.ba\/mojevijesti\/wp-json\/wp\/v2\/comments?post=30699"}],"version-history":[{"count":0,"href":"https:\/\/modusportal.ba\/mojevijesti\/wp-json\/wp\/v2\/posts\/30699\/revisions"}],"wp:featuredmedia":[{"embeddable":true,"href":"https:\/\/modusportal.ba\/mojevijesti\/wp-json\/wp\/v2\/media\/30700"}],"wp:attachment":[{"href":"https:\/\/modusportal.ba\/mojevijesti\/wp-json\/wp\/v2\/media?parent=30699"}],"wp:term":[{"taxonomy":"category","embeddable":true,"href":"https:\/\/modusportal.ba\/mojevijesti\/wp-json\/wp\/v2\/categories?post=30699"},{"taxonomy":"post_tag","embeddable":true,"href":"https:\/\/modusportal.ba\/mojevijesti\/wp-json\/wp\/v2\/tags?post=30699"}],"curies":[{"name":"wp","href":"https:\/\/api.w.org\/{rel}","templated":true}]}}