{"id":30709,"date":"2025-11-09T07:01:25","date_gmt":"2025-11-09T07:01:25","guid":{"rendered":"https:\/\/modusportal.ba\/mojevijesti\/2025\/11\/09\/za-predsjednika-rs-u-brckom-ce-se-moci-glasati-na-126-birackih-mjesta\/"},"modified":"2025-11-09T07:01:25","modified_gmt":"2025-11-09T07:01:25","slug":"za-predsjednika-rs-u-brckom-ce-se-moci-glasati-na-126-birackih-mjesta","status":"publish","type":"post","link":"https:\/\/modusportal.ba\/mojevijesti\/2025\/11\/09\/za-predsjednika-rs-u-brckom-ce-se-moci-glasati-na-126-birackih-mjesta\/","title":{"rendered":"Za predsjednika RS u Br\u010dkom \u0107e se mo\u0107i glasati na 126 bira\u010dkih mjesta"},"content":{"rendered":"<p><\/p>\n<p><img loading=\"lazy\" decoding=\"async\" loading=\"lazy\" width=\"1024\" height=\"538\" src=\"https:\/\/cdn.fokus.ba\/wp-content\/uploads\/2024\/10\/lokalni-izbori-kiseljak-1024x538.jpg\" class=\"attachment-large size-large wp-post-image\" alt=\"lokalni izbori kiseljak\"><\/p>\n<p>Od ukupno oko 87.000 gra\u0111ana upisanih u bira\u010dki spisak Br\u010dko distrikta BiH, pravo glasa na ovim izborima ima\u0107e ne\u0161to vi\u0161e od 30.000 bira\u010da koji su registrovani za glasanje za predsjednika Republike Srpske<\/p>\n<p><a href=\"https:\/\/www.fokus.ba\/vijesti\/bih\/za-predsjednika-rs-u-brckom-ce-se-moci-glasati-na-126-birackih-mjesta\/3506591\/\">Fokus.ba <\/a><\/p>\n","protected":false},"excerpt":{"rendered":"<p>Od ukupno oko 87.000 gra\u0111ana upisanih u bira\u010dki spisak Br\u010dko distrikta BiH, pravo glasa na ovim izborima ima\u0107e ne\u0161to vi\u0161e od 30.000 bira\u010da koji su registrovani za glasanje za predsjednika Republike Srpske Fokus.ba<\/p>\n","protected":false},"author":1,"featured_media":30710,"comment_status":"open","ping_status":"open","sticky":false,"template":"","format":"standard","meta":{"_siteseo_robots_primary_cat":"","footnotes":""},"categories":[],"tags":[],"class_list":["post-30709","post","type-post","status-publish","format-standard","has-post-thumbnail"],"_links":{"self":[{"href":"https:\/\/modusportal.ba\/mojevijesti\/wp-json\/wp\/v2\/posts\/30709","targetHints":{"allow":["GET"]}}],"collection":[{"href":"https:\/\/modusportal.ba\/mojevijesti\/wp-json\/wp\/v2\/posts"}],"about":[{"href":"https:\/\/modusportal.ba\/mojevijesti\/wp-json\/wp\/v2\/types\/post"}],"author":[{"embeddable":true,"href":"https:\/\/modusportal.ba\/mojevijesti\/wp-json\/wp\/v2\/users\/1"}],"replies":[{"embeddable":true,"href":"https:\/\/modusportal.ba\/mojevijesti\/wp-json\/wp\/v2\/comments?post=30709"}],"version-history":[{"count":0,"href":"https:\/\/modusportal.ba\/mojevijesti\/wp-json\/wp\/v2\/posts\/30709\/revisions"}],"wp:featuredmedia":[{"embeddable":true,"href":"https:\/\/modusportal.ba\/mojevijesti\/wp-json\/wp\/v2\/media\/30710"}],"wp:attachment":[{"href":"https:\/\/modusportal.ba\/mojevijesti\/wp-json\/wp\/v2\/media?parent=30709"}],"wp:term":[{"taxonomy":"category","embeddable":true,"href":"https:\/\/modusportal.ba\/mojevijesti\/wp-json\/wp\/v2\/categories?post=30709"},{"taxonomy":"post_tag","embeddable":true,"href":"https:\/\/modusportal.ba\/mojevijesti\/wp-json\/wp\/v2\/tags?post=30709"}],"curies":[{"name":"wp","href":"https:\/\/api.w.org\/{rel}","templated":true}]}}