{"id":30717,"date":"2025-11-10T07:13:18","date_gmt":"2025-11-10T07:13:18","guid":{"rendered":"https:\/\/modusportal.ba\/mojevijesti\/2025\/11\/10\/krah-javnog-preduzeca-oko-hiljadu-radnika-treba-dobiti-otkaze-ali-nemaju-novca-za-otpremnine\/"},"modified":"2025-11-10T07:13:18","modified_gmt":"2025-11-10T07:13:18","slug":"krah-javnog-preduzeca-oko-hiljadu-radnika-treba-dobiti-otkaze-ali-nemaju-novca-za-otpremnine","status":"publish","type":"post","link":"https:\/\/modusportal.ba\/mojevijesti\/2025\/11\/10\/krah-javnog-preduzeca-oko-hiljadu-radnika-treba-dobiti-otkaze-ali-nemaju-novca-za-otpremnine\/","title":{"rendered":"Krah javnog preduze\u0107a: Oko hiljadu radnika treba dobiti otkaze, ali nemaju novca za otpremnine"},"content":{"rendered":"<p><\/p>\n<p><img loading=\"lazy\" decoding=\"async\" loading=\"lazy\" width=\"1024\" height=\"538\" src=\"https:\/\/cdn.fokus.ba\/wp-content\/uploads\/2025\/11\/sume-rs-1024x538.webp\" class=\"attachment-large size-large wp-post-image\" alt=\"\u0161ume rs\"><\/p>\n<p>Prema ranijim informacijama, planirano je da se broj zaposlenih smanji za oko hiljadu radnika \u2013 i to kroz dobrovoljni odlazak uz otpremnine. Me\u0111utim, iznosi otpremnina jo\u0161 nisu utvr\u0111eni<\/p>\n<p><a href=\"https:\/\/www.fokus.ba\/vijesti\/bih\/krah-javnog-preduzeca-oko-hiljadu-radnika-treba-dobiti-otkaze-ali-nemaju-novca-za-otpremnine\/3506717\/\">Fokus.ba <\/a><\/p>\n","protected":false},"excerpt":{"rendered":"<p>Prema ranijim informacijama, planirano je da se broj zaposlenih smanji za oko hiljadu radnika \u2013 i to kroz dobrovoljni odlazak uz otpremnine. Me\u0111utim, iznosi otpremnina jo\u0161 nisu utvr\u0111eni Fokus.ba<\/p>\n","protected":false},"author":1,"featured_media":30718,"comment_status":"open","ping_status":"open","sticky":false,"template":"","format":"standard","meta":{"_siteseo_robots_primary_cat":"","footnotes":""},"categories":[],"tags":[],"class_list":["post-30717","post","type-post","status-publish","format-standard","has-post-thumbnail"],"_links":{"self":[{"href":"https:\/\/modusportal.ba\/mojevijesti\/wp-json\/wp\/v2\/posts\/30717","targetHints":{"allow":["GET"]}}],"collection":[{"href":"https:\/\/modusportal.ba\/mojevijesti\/wp-json\/wp\/v2\/posts"}],"about":[{"href":"https:\/\/modusportal.ba\/mojevijesti\/wp-json\/wp\/v2\/types\/post"}],"author":[{"embeddable":true,"href":"https:\/\/modusportal.ba\/mojevijesti\/wp-json\/wp\/v2\/users\/1"}],"replies":[{"embeddable":true,"href":"https:\/\/modusportal.ba\/mojevijesti\/wp-json\/wp\/v2\/comments?post=30717"}],"version-history":[{"count":0,"href":"https:\/\/modusportal.ba\/mojevijesti\/wp-json\/wp\/v2\/posts\/30717\/revisions"}],"wp:featuredmedia":[{"embeddable":true,"href":"https:\/\/modusportal.ba\/mojevijesti\/wp-json\/wp\/v2\/media\/30718"}],"wp:attachment":[{"href":"https:\/\/modusportal.ba\/mojevijesti\/wp-json\/wp\/v2\/media?parent=30717"}],"wp:term":[{"taxonomy":"category","embeddable":true,"href":"https:\/\/modusportal.ba\/mojevijesti\/wp-json\/wp\/v2\/categories?post=30717"},{"taxonomy":"post_tag","embeddable":true,"href":"https:\/\/modusportal.ba\/mojevijesti\/wp-json\/wp\/v2\/tags?post=30717"}],"curies":[{"name":"wp","href":"https:\/\/api.w.org\/{rel}","templated":true}]}}