{"id":30719,"date":"2025-11-10T13:14:23","date_gmt":"2025-11-10T13:14:23","guid":{"rendered":"https:\/\/modusportal.ba\/mojevijesti\/2025\/11\/10\/jos-jedan-preletac-zastupnik-u-parlamentu-fbih-presao-u-sda-slikao-se-sa-sebijom-izetbegovic\/"},"modified":"2025-11-10T13:14:23","modified_gmt":"2025-11-10T13:14:23","slug":"jos-jedan-preletac-zastupnik-u-parlamentu-fbih-presao-u-sda-slikao-se-sa-sebijom-izetbegovic","status":"publish","type":"post","link":"https:\/\/modusportal.ba\/mojevijesti\/2025\/11\/10\/jos-jedan-preletac-zastupnik-u-parlamentu-fbih-presao-u-sda-slikao-se-sa-sebijom-izetbegovic\/","title":{"rendered":"Jo\u0161 jedan preleta\u010d: Zastupnik u Parlamentu FBiH pre\u0161ao u SDA, slikao se sa Sebijom Izetbegovi\u0107"},"content":{"rendered":"<p><\/p>\n<p><img loading=\"lazy\" decoding=\"async\" loading=\"lazy\" width=\"1024\" height=\"538\" src=\"https:\/\/cdn.fokus.ba\/wp-content\/uploads\/2025\/11\/Mirza-Batalovic-sda-1024x538.jpg\" class=\"attachment-large size-large wp-post-image\" alt=\"Mirza Batalovi\u0107 sda\"><\/p>\n<p>Kapid\u017ei\u0107 je izrazio zadovoljstvo dolaskom novih \u010dlanova u stranku, istakav\u0161i da SDA ostaje otvorena za ljude s integritetom i znanjem<\/p>\n<p><a href=\"https:\/\/www.fokus.ba\/vijesti\/bih\/jos-jedan-preletac-zastupnik-u-parlamentu-fbih-presao-u-sda-slikao-se-sa-sebijom-izetbegovic\/3506815\/\">Fokus.ba <\/a><\/p>\n","protected":false},"excerpt":{"rendered":"<p>Kapid\u017ei\u0107 je izrazio zadovoljstvo dolaskom novih \u010dlanova u stranku, istakav\u0161i da SDA ostaje otvorena za ljude s integritetom i znanjem Fokus.ba<\/p>\n","protected":false},"author":1,"featured_media":30720,"comment_status":"open","ping_status":"open","sticky":false,"template":"","format":"standard","meta":{"_siteseo_robots_primary_cat":"","footnotes":""},"categories":[],"tags":[],"class_list":["post-30719","post","type-post","status-publish","format-standard","has-post-thumbnail"],"_links":{"self":[{"href":"https:\/\/modusportal.ba\/mojevijesti\/wp-json\/wp\/v2\/posts\/30719","targetHints":{"allow":["GET"]}}],"collection":[{"href":"https:\/\/modusportal.ba\/mojevijesti\/wp-json\/wp\/v2\/posts"}],"about":[{"href":"https:\/\/modusportal.ba\/mojevijesti\/wp-json\/wp\/v2\/types\/post"}],"author":[{"embeddable":true,"href":"https:\/\/modusportal.ba\/mojevijesti\/wp-json\/wp\/v2\/users\/1"}],"replies":[{"embeddable":true,"href":"https:\/\/modusportal.ba\/mojevijesti\/wp-json\/wp\/v2\/comments?post=30719"}],"version-history":[{"count":0,"href":"https:\/\/modusportal.ba\/mojevijesti\/wp-json\/wp\/v2\/posts\/30719\/revisions"}],"wp:featuredmedia":[{"embeddable":true,"href":"https:\/\/modusportal.ba\/mojevijesti\/wp-json\/wp\/v2\/media\/30720"}],"wp:attachment":[{"href":"https:\/\/modusportal.ba\/mojevijesti\/wp-json\/wp\/v2\/media?parent=30719"}],"wp:term":[{"taxonomy":"category","embeddable":true,"href":"https:\/\/modusportal.ba\/mojevijesti\/wp-json\/wp\/v2\/categories?post=30719"},{"taxonomy":"post_tag","embeddable":true,"href":"https:\/\/modusportal.ba\/mojevijesti\/wp-json\/wp\/v2\/tags?post=30719"}],"curies":[{"name":"wp","href":"https:\/\/api.w.org\/{rel}","templated":true}]}}