{"id":30757,"date":"2025-11-15T08:58:34","date_gmt":"2025-11-15T08:58:34","guid":{"rendered":"https:\/\/modusportal.ba\/mojevijesti\/2025\/11\/15\/raste-broj-prijava-za-nasilje-u-porodici-za-deset-mjeseci-vise-od-100-optuznica-i-80-presuda\/"},"modified":"2025-11-15T08:58:34","modified_gmt":"2025-11-15T08:58:34","slug":"raste-broj-prijava-za-nasilje-u-porodici-za-deset-mjeseci-vise-od-100-optuznica-i-80-presuda","status":"publish","type":"post","link":"https:\/\/modusportal.ba\/mojevijesti\/2025\/11\/15\/raste-broj-prijava-za-nasilje-u-porodici-za-deset-mjeseci-vise-od-100-optuznica-i-80-presuda\/","title":{"rendered":"Raste broj prijava za nasilje u porodici: Za deset mjeseci vi\u0161e od 100 optu\u017enica i 80 presuda"},"content":{"rendered":"<p><\/p>\n<p><img loading=\"lazy\" decoding=\"async\" loading=\"lazy\" width=\"1024\" height=\"538\" src=\"https:\/\/cdn.fokus.ba\/wp-content\/uploads\/2025\/11\/maja-pasic-1024x538.jpg\" class=\"attachment-large size-large wp-post-image\" alt=\"maja pa\u0161i\u0107\"><\/p>\n<p>Pa\u0161i\u0107 je istakla da postoji tendencija pove\u0107anja broja izvr\u0161enja ovog krivi\u010dnog djela, ne samo u ovom kantonu, ve\u0107 i u cijeloj FBiH<\/p>\n<p><a href=\"https:\/\/www.fokus.ba\/vijesti\/bih\/raste-broj-prijava-za-nasilje-u-porodici-za-deset-mjeseci-vise-od-100-optuznica-i-80-presuda\/3508081\/\">Fokus.ba <\/a><\/p>\n","protected":false},"excerpt":{"rendered":"<p>Pa\u0161i\u0107 je istakla da postoji tendencija pove\u0107anja broja izvr\u0161enja ovog krivi\u010dnog djela, ne samo u ovom kantonu, ve\u0107 i u cijeloj FBiH Fokus.ba<\/p>\n","protected":false},"author":1,"featured_media":30758,"comment_status":"open","ping_status":"open","sticky":false,"template":"","format":"standard","meta":{"_siteseo_robots_primary_cat":"","footnotes":""},"categories":[],"tags":[],"class_list":["post-30757","post","type-post","status-publish","format-standard","has-post-thumbnail"],"_links":{"self":[{"href":"https:\/\/modusportal.ba\/mojevijesti\/wp-json\/wp\/v2\/posts\/30757","targetHints":{"allow":["GET"]}}],"collection":[{"href":"https:\/\/modusportal.ba\/mojevijesti\/wp-json\/wp\/v2\/posts"}],"about":[{"href":"https:\/\/modusportal.ba\/mojevijesti\/wp-json\/wp\/v2\/types\/post"}],"author":[{"embeddable":true,"href":"https:\/\/modusportal.ba\/mojevijesti\/wp-json\/wp\/v2\/users\/1"}],"replies":[{"embeddable":true,"href":"https:\/\/modusportal.ba\/mojevijesti\/wp-json\/wp\/v2\/comments?post=30757"}],"version-history":[{"count":0,"href":"https:\/\/modusportal.ba\/mojevijesti\/wp-json\/wp\/v2\/posts\/30757\/revisions"}],"wp:featuredmedia":[{"embeddable":true,"href":"https:\/\/modusportal.ba\/mojevijesti\/wp-json\/wp\/v2\/media\/30758"}],"wp:attachment":[{"href":"https:\/\/modusportal.ba\/mojevijesti\/wp-json\/wp\/v2\/media?parent=30757"}],"wp:term":[{"taxonomy":"category","embeddable":true,"href":"https:\/\/modusportal.ba\/mojevijesti\/wp-json\/wp\/v2\/categories?post=30757"},{"taxonomy":"post_tag","embeddable":true,"href":"https:\/\/modusportal.ba\/mojevijesti\/wp-json\/wp\/v2\/tags?post=30757"}],"curies":[{"name":"wp","href":"https:\/\/api.w.org\/{rel}","templated":true}]}}