{"id":30779,"date":"2025-11-18T03:51:26","date_gmt":"2025-11-18T03:51:26","guid":{"rendered":"https:\/\/modusportal.ba\/mojevijesti\/2025\/11\/18\/osce-rodno-zasnovano-nasilje-ce-se-nastaviti-ukoliko-se-stavovi-i-institucije-ne-promijene\/"},"modified":"2025-11-18T03:51:26","modified_gmt":"2025-11-18T03:51:26","slug":"osce-rodno-zasnovano-nasilje-ce-se-nastaviti-ukoliko-se-stavovi-i-institucije-ne-promijene","status":"publish","type":"post","link":"https:\/\/modusportal.ba\/mojevijesti\/2025\/11\/18\/osce-rodno-zasnovano-nasilje-ce-se-nastaviti-ukoliko-se-stavovi-i-institucije-ne-promijene\/","title":{"rendered":"OSCE: Rodno zasnovano nasilje \u0107e se nastaviti ukoliko se stavovi i institucije ne promijene"},"content":{"rendered":"<p><\/p>\n<p><img loading=\"lazy\" decoding=\"async\" loading=\"lazy\" width=\"1024\" height=\"538\" src=\"https:\/\/cdn.fokus.ba\/wp-content\/uploads\/2024\/03\/osce-1024x538.webp\" class=\"attachment-large size-large wp-post-image\" alt=\"osce\"><\/p>\n<p>Misija OSCE u saop\u0107enju navodi da \u0107e nastaviti da se zala\u017ee za efikasne odgovore usmjerene na \u017ertve i punu odgovornost relevantnih institucija u rje\u0161avanju nasilja nad \u017eenama<\/p>\n<p><a href=\"https:\/\/www.fokus.ba\/vijesti\/bih\/osce-rodno-zasnovano-nasilje-ce-se-nastaviti-ukoliko-se-stavovi-i-institucije-ne-promijene\/3508492\/\">Fokus.ba <\/a><\/p>\n","protected":false},"excerpt":{"rendered":"<p>Misija OSCE u saop\u0107enju navodi da \u0107e nastaviti da se zala\u017ee za efikasne odgovore usmjerene na \u017ertve i punu odgovornost relevantnih institucija u rje\u0161avanju nasilja nad \u017eenama Fokus.ba<\/p>\n","protected":false},"author":1,"featured_media":29955,"comment_status":"open","ping_status":"open","sticky":false,"template":"","format":"standard","meta":{"_siteseo_robots_primary_cat":"","footnotes":""},"categories":[],"tags":[],"class_list":["post-30779","post","type-post","status-publish","format-standard","has-post-thumbnail"],"_links":{"self":[{"href":"https:\/\/modusportal.ba\/mojevijesti\/wp-json\/wp\/v2\/posts\/30779","targetHints":{"allow":["GET"]}}],"collection":[{"href":"https:\/\/modusportal.ba\/mojevijesti\/wp-json\/wp\/v2\/posts"}],"about":[{"href":"https:\/\/modusportal.ba\/mojevijesti\/wp-json\/wp\/v2\/types\/post"}],"author":[{"embeddable":true,"href":"https:\/\/modusportal.ba\/mojevijesti\/wp-json\/wp\/v2\/users\/1"}],"replies":[{"embeddable":true,"href":"https:\/\/modusportal.ba\/mojevijesti\/wp-json\/wp\/v2\/comments?post=30779"}],"version-history":[{"count":0,"href":"https:\/\/modusportal.ba\/mojevijesti\/wp-json\/wp\/v2\/posts\/30779\/revisions"}],"wp:featuredmedia":[{"embeddable":true,"href":"https:\/\/modusportal.ba\/mojevijesti\/wp-json\/wp\/v2\/media\/29955"}],"wp:attachment":[{"href":"https:\/\/modusportal.ba\/mojevijesti\/wp-json\/wp\/v2\/media?parent=30779"}],"wp:term":[{"taxonomy":"category","embeddable":true,"href":"https:\/\/modusportal.ba\/mojevijesti\/wp-json\/wp\/v2\/categories?post=30779"},{"taxonomy":"post_tag","embeddable":true,"href":"https:\/\/modusportal.ba\/mojevijesti\/wp-json\/wp\/v2\/tags?post=30779"}],"curies":[{"name":"wp","href":"https:\/\/api.w.org\/{rel}","templated":true}]}}