{"id":30782,"date":"2025-11-18T15:56:03","date_gmt":"2025-11-18T15:56:03","guid":{"rendered":"https:\/\/modusportal.ba\/mojevijesti\/2025\/11\/18\/u-kalesiji-19-novembra-dan-zalosti-zbog-ubistva-aldine-jahic\/"},"modified":"2025-11-18T15:56:03","modified_gmt":"2025-11-18T15:56:03","slug":"u-kalesiji-19-novembra-dan-zalosti-zbog-ubistva-aldine-jahic","status":"publish","type":"post","link":"https:\/\/modusportal.ba\/mojevijesti\/2025\/11\/18\/u-kalesiji-19-novembra-dan-zalosti-zbog-ubistva-aldine-jahic\/","title":{"rendered":"U Kalesiji 19. novembra Dan \u017ealosti zbog ubistva Aldine Jahi\u0107"},"content":{"rendered":"<p><\/p>\n<p><img loading=\"lazy\" decoding=\"async\" loading=\"lazy\" width=\"1024\" height=\"538\" src=\"https:\/\/cdn.fokus.ba\/wp-content\/uploads\/2025\/11\/aldina-jahic-kalesija-1024x538.webp\" class=\"attachment-large size-large wp-post-image\" alt=\"aldina jahic kalesija\"><\/p>\n<p>D\u017eenaza namaz Aldini Jahi\u0107 bit \u0107e klanjana 19. novembra, iza ikindije namaza kod nove d\u017eamije u Miljanovcima<\/p>\n<p><a href=\"https:\/\/www.fokus.ba\/vijesti\/bih\/u-kalesiji-19-novembra-dan-zalosti-zbog-ubistva-aldine-jahic\/3508632\/\">Fokus.ba <\/a><\/p>\n","protected":false},"excerpt":{"rendered":"<p>D\u017eenaza namaz Aldini Jahi\u0107 bit \u0107e klanjana 19. novembra, iza ikindije namaza kod nove d\u017eamije u Miljanovcima Fokus.ba<\/p>\n","protected":false},"author":1,"featured_media":30783,"comment_status":"open","ping_status":"open","sticky":false,"template":"","format":"standard","meta":{"_siteseo_robots_primary_cat":"","footnotes":""},"categories":[],"tags":[],"class_list":["post-30782","post","type-post","status-publish","format-standard","has-post-thumbnail"],"_links":{"self":[{"href":"https:\/\/modusportal.ba\/mojevijesti\/wp-json\/wp\/v2\/posts\/30782","targetHints":{"allow":["GET"]}}],"collection":[{"href":"https:\/\/modusportal.ba\/mojevijesti\/wp-json\/wp\/v2\/posts"}],"about":[{"href":"https:\/\/modusportal.ba\/mojevijesti\/wp-json\/wp\/v2\/types\/post"}],"author":[{"embeddable":true,"href":"https:\/\/modusportal.ba\/mojevijesti\/wp-json\/wp\/v2\/users\/1"}],"replies":[{"embeddable":true,"href":"https:\/\/modusportal.ba\/mojevijesti\/wp-json\/wp\/v2\/comments?post=30782"}],"version-history":[{"count":0,"href":"https:\/\/modusportal.ba\/mojevijesti\/wp-json\/wp\/v2\/posts\/30782\/revisions"}],"wp:featuredmedia":[{"embeddable":true,"href":"https:\/\/modusportal.ba\/mojevijesti\/wp-json\/wp\/v2\/media\/30783"}],"wp:attachment":[{"href":"https:\/\/modusportal.ba\/mojevijesti\/wp-json\/wp\/v2\/media?parent=30782"}],"wp:term":[{"taxonomy":"category","embeddable":true,"href":"https:\/\/modusportal.ba\/mojevijesti\/wp-json\/wp\/v2\/categories?post=30782"},{"taxonomy":"post_tag","embeddable":true,"href":"https:\/\/modusportal.ba\/mojevijesti\/wp-json\/wp\/v2\/tags?post=30782"}],"curies":[{"name":"wp","href":"https:\/\/api.w.org\/{rel}","templated":true}]}}