{"id":30794,"date":"2025-11-20T05:00:37","date_gmt":"2025-11-20T05:00:37","guid":{"rendered":"https:\/\/modusportal.ba\/mojevijesti\/2025\/11\/20\/konakovicu-naglaseno-dva-zakona-i-imenovanja-pregovaraca-su-kljucni-koraci\/"},"modified":"2025-11-20T05:00:37","modified_gmt":"2025-11-20T05:00:37","slug":"konakovicu-naglaseno-dva-zakona-i-imenovanja-pregovaraca-su-kljucni-koraci","status":"publish","type":"post","link":"https:\/\/modusportal.ba\/mojevijesti\/2025\/11\/20\/konakovicu-naglaseno-dva-zakona-i-imenovanja-pregovaraca-su-kljucni-koraci\/","title":{"rendered":"Konakovi\u0107u nagla\u0161eno: Dva zakona i imenovanja pregovara\u010da su klju\u010dni koraci"},"content":{"rendered":"<p><\/p>\n<p><img loading=\"lazy\" decoding=\"async\" loading=\"lazy\" width=\"1024\" height=\"538\" src=\"https:\/\/cdn.fokus.ba\/wp-content\/uploads\/2025\/11\/ministri-vanjskih-poslova-brisel-1024x538.jpg\" class=\"attachment-large size-large wp-post-image\" alt=\"ministri vanjskih poslova brisel\"><\/p>\n<p>Sve strane slo\u017eile su se kako je trajni regionalni dijalog klju\u010dan za stabilnost i pribli\u017eavanje svakog partnera Evropskoj uniji<\/p>\n<p><a href=\"https:\/\/www.fokus.ba\/vijesti\/bih\/konakovicu-naglaseno-dva-zakona-i-imenovanja-pregovaraca-su-kljucni-koraci\/3508940\/\">Fokus.ba <\/a><\/p>\n","protected":false},"excerpt":{"rendered":"<p>Sve strane slo\u017eile su se kako je trajni regionalni dijalog klju\u010dan za stabilnost i pribli\u017eavanje svakog partnera Evropskoj uniji Fokus.ba<\/p>\n","protected":false},"author":1,"featured_media":30795,"comment_status":"open","ping_status":"open","sticky":false,"template":"","format":"standard","meta":{"_siteseo_robots_primary_cat":"","footnotes":""},"categories":[],"tags":[],"class_list":["post-30794","post","type-post","status-publish","format-standard","has-post-thumbnail"],"_links":{"self":[{"href":"https:\/\/modusportal.ba\/mojevijesti\/wp-json\/wp\/v2\/posts\/30794","targetHints":{"allow":["GET"]}}],"collection":[{"href":"https:\/\/modusportal.ba\/mojevijesti\/wp-json\/wp\/v2\/posts"}],"about":[{"href":"https:\/\/modusportal.ba\/mojevijesti\/wp-json\/wp\/v2\/types\/post"}],"author":[{"embeddable":true,"href":"https:\/\/modusportal.ba\/mojevijesti\/wp-json\/wp\/v2\/users\/1"}],"replies":[{"embeddable":true,"href":"https:\/\/modusportal.ba\/mojevijesti\/wp-json\/wp\/v2\/comments?post=30794"}],"version-history":[{"count":0,"href":"https:\/\/modusportal.ba\/mojevijesti\/wp-json\/wp\/v2\/posts\/30794\/revisions"}],"wp:featuredmedia":[{"embeddable":true,"href":"https:\/\/modusportal.ba\/mojevijesti\/wp-json\/wp\/v2\/media\/30795"}],"wp:attachment":[{"href":"https:\/\/modusportal.ba\/mojevijesti\/wp-json\/wp\/v2\/media?parent=30794"}],"wp:term":[{"taxonomy":"category","embeddable":true,"href":"https:\/\/modusportal.ba\/mojevijesti\/wp-json\/wp\/v2\/categories?post=30794"},{"taxonomy":"post_tag","embeddable":true,"href":"https:\/\/modusportal.ba\/mojevijesti\/wp-json\/wp\/v2\/tags?post=30794"}],"curies":[{"name":"wp","href":"https:\/\/api.w.org\/{rel}","templated":true}]}}