{"id":30806,"date":"2025-11-21T17:44:55","date_gmt":"2025-11-21T17:44:55","guid":{"rendered":"https:\/\/modusportal.ba\/mojevijesti\/2025\/11\/21\/vucic-se-pravdao-nakon-pisanja-svjetskih-medija-o-umijesanosti-u-sarajevski-safari\/"},"modified":"2025-11-21T17:44:55","modified_gmt":"2025-11-21T17:44:55","slug":"vucic-se-pravdao-nakon-pisanja-svjetskih-medija-o-umijesanosti-u-sarajevski-safari","status":"publish","type":"post","link":"https:\/\/modusportal.ba\/mojevijesti\/2025\/11\/21\/vucic-se-pravdao-nakon-pisanja-svjetskih-medija-o-umijesanosti-u-sarajevski-safari\/","title":{"rendered":"Vu\u010di\u0107 se pravdao nakon pisanja svjetskih medija o umije\u0161anosti u \u201cSarajevski safari\u201d"},"content":{"rendered":"<p><\/p>\n<p><img loading=\"lazy\" decoding=\"async\" loading=\"lazy\" width=\"1024\" height=\"538\" src=\"https:\/\/cdn.fokus.ba\/wp-content\/uploads\/2025\/10\/Vucic-1-1024x538.webp\" class=\"attachment-large size-large wp-post-image\" alt=\"aleksandar vu\u010di\u0107\"><\/p>\n<p>&#8220;Kako \u0107e nam oko NIS-a pomo\u0107i Arapi ako vide da sam ja ubijao muslimansku djecu?&#8221;, izjavio je Vu\u010di\u0107<\/p>\n<p><a href=\"https:\/\/www.fokus.ba\/vijesti\/bih\/vucic-se-pravdao-nakon-pisanja-svjetskih-medija-o-umijesanosti-u-sarajevski-safari\/3509332\/\">Fokus.ba <\/a><\/p>\n","protected":false},"excerpt":{"rendered":"<p>&#8220;Kako \u0107e nam oko NIS-a pomo\u0107i Arapi ako vide da sam ja ubijao muslimansku djecu?&#8221;, izjavio je Vu\u010di\u0107 Fokus.ba<\/p>\n","protected":false},"author":1,"featured_media":30807,"comment_status":"open","ping_status":"open","sticky":false,"template":"","format":"standard","meta":{"_siteseo_robots_primary_cat":"","footnotes":""},"categories":[],"tags":[],"class_list":["post-30806","post","type-post","status-publish","format-standard","has-post-thumbnail"],"_links":{"self":[{"href":"https:\/\/modusportal.ba\/mojevijesti\/wp-json\/wp\/v2\/posts\/30806","targetHints":{"allow":["GET"]}}],"collection":[{"href":"https:\/\/modusportal.ba\/mojevijesti\/wp-json\/wp\/v2\/posts"}],"about":[{"href":"https:\/\/modusportal.ba\/mojevijesti\/wp-json\/wp\/v2\/types\/post"}],"author":[{"embeddable":true,"href":"https:\/\/modusportal.ba\/mojevijesti\/wp-json\/wp\/v2\/users\/1"}],"replies":[{"embeddable":true,"href":"https:\/\/modusportal.ba\/mojevijesti\/wp-json\/wp\/v2\/comments?post=30806"}],"version-history":[{"count":0,"href":"https:\/\/modusportal.ba\/mojevijesti\/wp-json\/wp\/v2\/posts\/30806\/revisions"}],"wp:featuredmedia":[{"embeddable":true,"href":"https:\/\/modusportal.ba\/mojevijesti\/wp-json\/wp\/v2\/media\/30807"}],"wp:attachment":[{"href":"https:\/\/modusportal.ba\/mojevijesti\/wp-json\/wp\/v2\/media?parent=30806"}],"wp:term":[{"taxonomy":"category","embeddable":true,"href":"https:\/\/modusportal.ba\/mojevijesti\/wp-json\/wp\/v2\/categories?post=30806"},{"taxonomy":"post_tag","embeddable":true,"href":"https:\/\/modusportal.ba\/mojevijesti\/wp-json\/wp\/v2\/tags?post=30806"}],"curies":[{"name":"wp","href":"https:\/\/api.w.org\/{rel}","templated":true}]}}