{"id":30818,"date":"2025-11-23T06:16:56","date_gmt":"2025-11-23T06:16:56","guid":{"rendered":"https:\/\/modusportal.ba\/mojevijesti\/2025\/11\/23\/zarko-vujovic-presao-u-stranku-za-bosnu-i-hercegovinu\/"},"modified":"2025-11-23T06:16:56","modified_gmt":"2025-11-23T06:16:56","slug":"zarko-vujovic-presao-u-stranku-za-bosnu-i-hercegovinu","status":"publish","type":"post","link":"https:\/\/modusportal.ba\/mojevijesti\/2025\/11\/23\/zarko-vujovic-presao-u-stranku-za-bosnu-i-hercegovinu\/","title":{"rendered":"\u017darko Vujovi\u0107 pre\u0161ao u Stranku za Bosnu i Hercegovinu"},"content":{"rendered":"<p><\/p>\n<p><img loading=\"lazy\" decoding=\"async\" loading=\"lazy\" width=\"1024\" height=\"538\" src=\"https:\/\/cdn.fokus.ba\/wp-content\/uploads\/2025\/11\/Zarko-Vujovic-1024x538.webp\" class=\"attachment-large size-large wp-post-image\" alt=\"\u017darko Vujovi\u0107\"><\/p>\n<p>Vujovi\u0107 je u Skup\u0161tinu TK izabran kao kandidat DF-a, a nakon isklju\u010denja iz stranke parlamentarni rad je nastavio samostalno<\/p>\n<p><a href=\"https:\/\/www.fokus.ba\/vijesti\/bih\/zarko-vujovic-presao-u-stranku-za-bosnu-i-hercegovinu\/3509538\/\">Fokus.ba <\/a><\/p>\n","protected":false},"excerpt":{"rendered":"<p>Vujovi\u0107 je u Skup\u0161tinu TK izabran kao kandidat DF-a, a nakon isklju\u010denja iz stranke parlamentarni rad je nastavio samostalno Fokus.ba<\/p>\n","protected":false},"author":1,"featured_media":30819,"comment_status":"open","ping_status":"open","sticky":false,"template":"","format":"standard","meta":{"_siteseo_robots_primary_cat":"","footnotes":""},"categories":[],"tags":[],"class_list":["post-30818","post","type-post","status-publish","format-standard","has-post-thumbnail"],"_links":{"self":[{"href":"https:\/\/modusportal.ba\/mojevijesti\/wp-json\/wp\/v2\/posts\/30818","targetHints":{"allow":["GET"]}}],"collection":[{"href":"https:\/\/modusportal.ba\/mojevijesti\/wp-json\/wp\/v2\/posts"}],"about":[{"href":"https:\/\/modusportal.ba\/mojevijesti\/wp-json\/wp\/v2\/types\/post"}],"author":[{"embeddable":true,"href":"https:\/\/modusportal.ba\/mojevijesti\/wp-json\/wp\/v2\/users\/1"}],"replies":[{"embeddable":true,"href":"https:\/\/modusportal.ba\/mojevijesti\/wp-json\/wp\/v2\/comments?post=30818"}],"version-history":[{"count":0,"href":"https:\/\/modusportal.ba\/mojevijesti\/wp-json\/wp\/v2\/posts\/30818\/revisions"}],"wp:featuredmedia":[{"embeddable":true,"href":"https:\/\/modusportal.ba\/mojevijesti\/wp-json\/wp\/v2\/media\/30819"}],"wp:attachment":[{"href":"https:\/\/modusportal.ba\/mojevijesti\/wp-json\/wp\/v2\/media?parent=30818"}],"wp:term":[{"taxonomy":"category","embeddable":true,"href":"https:\/\/modusportal.ba\/mojevijesti\/wp-json\/wp\/v2\/categories?post=30818"},{"taxonomy":"post_tag","embeddable":true,"href":"https:\/\/modusportal.ba\/mojevijesti\/wp-json\/wp\/v2\/tags?post=30818"}],"curies":[{"name":"wp","href":"https:\/\/api.w.org\/{rel}","templated":true}]}}