{"id":30822,"date":"2025-11-23T18:21:36","date_gmt":"2025-11-23T18:21:36","guid":{"rendered":"https:\/\/modusportal.ba\/mojevijesti\/2025\/11\/23\/prijavljene-brojne-nepravilnosti-zatvorena-biracka-mjesta-pocinje-brojanje-glasova\/"},"modified":"2025-11-23T18:21:36","modified_gmt":"2025-11-23T18:21:36","slug":"prijavljene-brojne-nepravilnosti-zatvorena-biracka-mjesta-pocinje-brojanje-glasova","status":"publish","type":"post","link":"https:\/\/modusportal.ba\/mojevijesti\/2025\/11\/23\/prijavljene-brojne-nepravilnosti-zatvorena-biracka-mjesta-pocinje-brojanje-glasova\/","title":{"rendered":"Prijavljene brojne nepravilnosti: Zatvorena bira\u010dka mjesta, po\u010dinje brojanje glasova"},"content":{"rendered":"<p><\/p>\n<p><img loading=\"lazy\" decoding=\"async\" loading=\"lazy\" width=\"1024\" height=\"538\" src=\"https:\/\/cdn.fokus.ba\/wp-content\/uploads\/2025\/11\/rs-izbori-1024x538.webp\" class=\"attachment-large size-large wp-post-image\" alt=\"Izbori u RS-u\"><\/p>\n<p>Tokom izbornog dana prijavljene su brojne nepravilnosti i navodna kr\u0161enja izbornog zakona, o \u010demu \u0107e kona\u010dnu rije\u010d dati CIK BiH<\/p>\n<p><a href=\"https:\/\/www.fokus.ba\/vijesti\/bih\/prijavljene-brojne-nepravilnosti-zatvorena-biracka-mjesta-pocinje-brojanje-glasova\/3509672\/\">Fokus.ba <\/a><\/p>\n","protected":false},"excerpt":{"rendered":"<p>Tokom izbornog dana prijavljene su brojne nepravilnosti i navodna kr\u0161enja izbornog zakona, o \u010demu \u0107e kona\u010dnu rije\u010d dati CIK BiH Fokus.ba<\/p>\n","protected":false},"author":1,"featured_media":30823,"comment_status":"open","ping_status":"open","sticky":false,"template":"","format":"standard","meta":{"_siteseo_robots_primary_cat":"","footnotes":""},"categories":[],"tags":[],"class_list":["post-30822","post","type-post","status-publish","format-standard","has-post-thumbnail"],"_links":{"self":[{"href":"https:\/\/modusportal.ba\/mojevijesti\/wp-json\/wp\/v2\/posts\/30822","targetHints":{"allow":["GET"]}}],"collection":[{"href":"https:\/\/modusportal.ba\/mojevijesti\/wp-json\/wp\/v2\/posts"}],"about":[{"href":"https:\/\/modusportal.ba\/mojevijesti\/wp-json\/wp\/v2\/types\/post"}],"author":[{"embeddable":true,"href":"https:\/\/modusportal.ba\/mojevijesti\/wp-json\/wp\/v2\/users\/1"}],"replies":[{"embeddable":true,"href":"https:\/\/modusportal.ba\/mojevijesti\/wp-json\/wp\/v2\/comments?post=30822"}],"version-history":[{"count":0,"href":"https:\/\/modusportal.ba\/mojevijesti\/wp-json\/wp\/v2\/posts\/30822\/revisions"}],"wp:featuredmedia":[{"embeddable":true,"href":"https:\/\/modusportal.ba\/mojevijesti\/wp-json\/wp\/v2\/media\/30823"}],"wp:attachment":[{"href":"https:\/\/modusportal.ba\/mojevijesti\/wp-json\/wp\/v2\/media?parent=30822"}],"wp:term":[{"taxonomy":"category","embeddable":true,"href":"https:\/\/modusportal.ba\/mojevijesti\/wp-json\/wp\/v2\/categories?post=30822"},{"taxonomy":"post_tag","embeddable":true,"href":"https:\/\/modusportal.ba\/mojevijesti\/wp-json\/wp\/v2\/tags?post=30822"}],"curies":[{"name":"wp","href":"https:\/\/api.w.org\/{rel}","templated":true}]}}