{"id":30824,"date":"2025-11-24T00:22:56","date_gmt":"2025-11-24T00:22:56","guid":{"rendered":"https:\/\/modusportal.ba\/mojevijesti\/2025\/11\/24\/cik-sinisa-karan-je-novi-predsjednik-republike-srpske\/"},"modified":"2025-11-24T00:22:56","modified_gmt":"2025-11-24T00:22:56","slug":"cik-sinisa-karan-je-novi-predsjednik-republike-srpske","status":"publish","type":"post","link":"https:\/\/modusportal.ba\/mojevijesti\/2025\/11\/24\/cik-sinisa-karan-je-novi-predsjednik-republike-srpske\/","title":{"rendered":"CIK: Sini\u0161a Karan je novi predsjednik Republike Srpske"},"content":{"rendered":"<p><\/p>\n<p><img loading=\"lazy\" decoding=\"async\" loading=\"lazy\" width=\"1024\" height=\"538\" src=\"https:\/\/cdn.fokus.ba\/wp-content\/uploads\/2025\/11\/Sinisa-Karan-i-Milorad-Dodik-1024x538.webp\" class=\"attachment-large size-large wp-post-image\" alt=\"Sini\u0161a Karan i Milorad Dodik\"><\/p>\n<p>Iz izbornog \u0161taba SNSD-a u Banjoj Luci, lider stranke Milorad Dodik ranije ve\u010deras je proglasio Karana pobjednikom, isti\u010du\u0107i da je \u201cpobjedom Karana u\u010dvr\u0161\u0107en polo\u017eaj Republike Srpske\u201d<\/p>\n<p><a href=\"https:\/\/www.fokus.ba\/vijesti\/bih\/cik-sinisa-karan-je-novi-predsjednik-republike-srpske\/3509728\/\">Fokus.ba <\/a><\/p>\n","protected":false},"excerpt":{"rendered":"<p>Iz izbornog \u0161taba SNSD-a u Banjoj Luci, lider stranke Milorad Dodik ranije ve\u010deras je proglasio Karana pobjednikom, isti\u010du\u0107i da je \u201cpobjedom Karana u\u010dvr\u0161\u0107en polo\u017eaj Republike Srpske\u201d Fokus.ba<\/p>\n","protected":false},"author":1,"featured_media":30825,"comment_status":"open","ping_status":"open","sticky":false,"template":"","format":"standard","meta":{"_siteseo_robots_primary_cat":"","footnotes":""},"categories":[],"tags":[],"class_list":["post-30824","post","type-post","status-publish","format-standard","has-post-thumbnail"],"_links":{"self":[{"href":"https:\/\/modusportal.ba\/mojevijesti\/wp-json\/wp\/v2\/posts\/30824","targetHints":{"allow":["GET"]}}],"collection":[{"href":"https:\/\/modusportal.ba\/mojevijesti\/wp-json\/wp\/v2\/posts"}],"about":[{"href":"https:\/\/modusportal.ba\/mojevijesti\/wp-json\/wp\/v2\/types\/post"}],"author":[{"embeddable":true,"href":"https:\/\/modusportal.ba\/mojevijesti\/wp-json\/wp\/v2\/users\/1"}],"replies":[{"embeddable":true,"href":"https:\/\/modusportal.ba\/mojevijesti\/wp-json\/wp\/v2\/comments?post=30824"}],"version-history":[{"count":0,"href":"https:\/\/modusportal.ba\/mojevijesti\/wp-json\/wp\/v2\/posts\/30824\/revisions"}],"wp:featuredmedia":[{"embeddable":true,"href":"https:\/\/modusportal.ba\/mojevijesti\/wp-json\/wp\/v2\/media\/30825"}],"wp:attachment":[{"href":"https:\/\/modusportal.ba\/mojevijesti\/wp-json\/wp\/v2\/media?parent=30824"}],"wp:term":[{"taxonomy":"category","embeddable":true,"href":"https:\/\/modusportal.ba\/mojevijesti\/wp-json\/wp\/v2\/categories?post=30824"},{"taxonomy":"post_tag","embeddable":true,"href":"https:\/\/modusportal.ba\/mojevijesti\/wp-json\/wp\/v2\/tags?post=30824"}],"curies":[{"name":"wp","href":"https:\/\/api.w.org\/{rel}","templated":true}]}}