{"id":30834,"date":"2025-11-25T06:45:51","date_gmt":"2025-11-25T06:45:51","guid":{"rendered":"https:\/\/modusportal.ba\/mojevijesti\/2025\/11\/25\/niksic-zasto-bih-mijenjao-retoriku-ljudi-ocekuju-da-spengavamo-kriminalce\/"},"modified":"2025-11-25T06:45:51","modified_gmt":"2025-11-25T06:45:51","slug":"niksic-zasto-bih-mijenjao-retoriku-ljudi-ocekuju-da-spengavamo-kriminalce","status":"publish","type":"post","link":"https:\/\/modusportal.ba\/mojevijesti\/2025\/11\/25\/niksic-zasto-bih-mijenjao-retoriku-ljudi-ocekuju-da-spengavamo-kriminalce\/","title":{"rendered":"Nik\u0161i\u0107: Za\u0161to bih mijenjao retoriku? Ljudi o\u010dekuju da spengavamo kriminalce"},"content":{"rendered":"<p><\/p>\n<p><img loading=\"lazy\" decoding=\"async\" loading=\"lazy\" width=\"1024\" height=\"538\" src=\"https:\/\/cdn.fokus.ba\/wp-content\/uploads\/2025\/11\/niksic-1024x538.jpg\" class=\"attachment-large size-large wp-post-image\" alt=\"Nermin Nik\u0161i\u0107\"><\/p>\n<p>Premijer Nik\u0161i\u0107 ka\u017ee da \u010ditava situacija ne po\u010dinje navodnom porukom upu\u0107enom Munji\u0107u, kako se to \u010desto interpretira<\/p>\n<p><a href=\"https:\/\/www.fokus.ba\/vijesti\/bih\/niksic-zasto-bih-mijenjao-retoriku-ljudi-ocekuju-da-spengavamo-kriminalce\/3509892\/\">Fokus.ba <\/a><\/p>\n","protected":false},"excerpt":{"rendered":"<p>Premijer Nik\u0161i\u0107 ka\u017ee da \u010ditava situacija ne po\u010dinje navodnom porukom upu\u0107enom Munji\u0107u, kako se to \u010desto interpretira Fokus.ba<\/p>\n","protected":false},"author":1,"featured_media":30835,"comment_status":"open","ping_status":"open","sticky":false,"template":"","format":"standard","meta":{"_siteseo_robots_primary_cat":"","footnotes":""},"categories":[],"tags":[],"class_list":["post-30834","post","type-post","status-publish","format-standard","has-post-thumbnail"],"_links":{"self":[{"href":"https:\/\/modusportal.ba\/mojevijesti\/wp-json\/wp\/v2\/posts\/30834","targetHints":{"allow":["GET"]}}],"collection":[{"href":"https:\/\/modusportal.ba\/mojevijesti\/wp-json\/wp\/v2\/posts"}],"about":[{"href":"https:\/\/modusportal.ba\/mojevijesti\/wp-json\/wp\/v2\/types\/post"}],"author":[{"embeddable":true,"href":"https:\/\/modusportal.ba\/mojevijesti\/wp-json\/wp\/v2\/users\/1"}],"replies":[{"embeddable":true,"href":"https:\/\/modusportal.ba\/mojevijesti\/wp-json\/wp\/v2\/comments?post=30834"}],"version-history":[{"count":0,"href":"https:\/\/modusportal.ba\/mojevijesti\/wp-json\/wp\/v2\/posts\/30834\/revisions"}],"wp:featuredmedia":[{"embeddable":true,"href":"https:\/\/modusportal.ba\/mojevijesti\/wp-json\/wp\/v2\/media\/30835"}],"wp:attachment":[{"href":"https:\/\/modusportal.ba\/mojevijesti\/wp-json\/wp\/v2\/media?parent=30834"}],"wp:term":[{"taxonomy":"category","embeddable":true,"href":"https:\/\/modusportal.ba\/mojevijesti\/wp-json\/wp\/v2\/categories?post=30834"},{"taxonomy":"post_tag","embeddable":true,"href":"https:\/\/modusportal.ba\/mojevijesti\/wp-json\/wp\/v2\/tags?post=30834"}],"curies":[{"name":"wp","href":"https:\/\/api.w.org\/{rel}","templated":true}]}}