{"id":30863,"date":"2025-11-29T02:01:56","date_gmt":"2025-11-29T02:01:56","guid":{"rendered":"https:\/\/modusportal.ba\/mojevijesti\/2025\/11\/29\/ambasada-sad-organizirala-sastanak-o-juznoj-interkonekciji\/"},"modified":"2025-11-29T02:01:56","modified_gmt":"2025-11-29T02:01:56","slug":"ambasada-sad-organizirala-sastanak-o-juznoj-interkonekciji","status":"publish","type":"post","link":"https:\/\/modusportal.ba\/mojevijesti\/2025\/11\/29\/ambasada-sad-organizirala-sastanak-o-juznoj-interkonekciji\/","title":{"rendered":"Ambasada SAD organizirala sastanak o Ju\u017enoj interkonekciji"},"content":{"rendered":"<p><\/p>\n<p><img loading=\"lazy\" decoding=\"async\" loading=\"lazy\" width=\"1024\" height=\"538\" src=\"https:\/\/cdn.fokus.ba\/wp-content\/uploads\/2025\/11\/ambasada-sad-juzna-interkonekcija-1024x538.jpg\" class=\"attachment-large size-large wp-post-image\" alt=\"ambasada sad juzna interkonekcija\"><\/p>\n<p>Ministar unutra\u0161njih poslova SAD Doug Burgum, ministar energetike SAD Chris Wright i ambasadorica SAD u Hrvatskoj Nicole McGraw pro\u0161le sedmice su sna\u017eno podr\u017eali ovu inicijativu<\/p>\n<p><a href=\"https:\/\/www.fokus.ba\/vijesti\/bih\/ambasada-sad-organizirala-sastanak-o-juznoj-interkonekciji\/3510845\/\">Fokus.ba <\/a><\/p>\n","protected":false},"excerpt":{"rendered":"<p>Ministar unutra\u0161njih poslova SAD Doug Burgum, ministar energetike SAD Chris Wright i ambasadorica SAD u Hrvatskoj Nicole McGraw pro\u0161le sedmice su sna\u017eno podr\u017eali ovu inicijativu Fokus.ba<\/p>\n","protected":false},"author":1,"featured_media":30864,"comment_status":"open","ping_status":"open","sticky":false,"template":"","format":"standard","meta":{"_siteseo_robots_primary_cat":"","footnotes":""},"categories":[],"tags":[],"class_list":["post-30863","post","type-post","status-publish","format-standard","has-post-thumbnail"],"_links":{"self":[{"href":"https:\/\/modusportal.ba\/mojevijesti\/wp-json\/wp\/v2\/posts\/30863","targetHints":{"allow":["GET"]}}],"collection":[{"href":"https:\/\/modusportal.ba\/mojevijesti\/wp-json\/wp\/v2\/posts"}],"about":[{"href":"https:\/\/modusportal.ba\/mojevijesti\/wp-json\/wp\/v2\/types\/post"}],"author":[{"embeddable":true,"href":"https:\/\/modusportal.ba\/mojevijesti\/wp-json\/wp\/v2\/users\/1"}],"replies":[{"embeddable":true,"href":"https:\/\/modusportal.ba\/mojevijesti\/wp-json\/wp\/v2\/comments?post=30863"}],"version-history":[{"count":0,"href":"https:\/\/modusportal.ba\/mojevijesti\/wp-json\/wp\/v2\/posts\/30863\/revisions"}],"wp:featuredmedia":[{"embeddable":true,"href":"https:\/\/modusportal.ba\/mojevijesti\/wp-json\/wp\/v2\/media\/30864"}],"wp:attachment":[{"href":"https:\/\/modusportal.ba\/mojevijesti\/wp-json\/wp\/v2\/media?parent=30863"}],"wp:term":[{"taxonomy":"category","embeddable":true,"href":"https:\/\/modusportal.ba\/mojevijesti\/wp-json\/wp\/v2\/categories?post=30863"},{"taxonomy":"post_tag","embeddable":true,"href":"https:\/\/modusportal.ba\/mojevijesti\/wp-json\/wp\/v2\/tags?post=30863"}],"curies":[{"name":"wp","href":"https:\/\/api.w.org\/{rel}","templated":true}]}}