{"id":30865,"date":"2025-11-29T08:05:11","date_gmt":"2025-11-29T08:05:11","guid":{"rendered":"https:\/\/modusportal.ba\/mojevijesti\/2025\/11\/29\/osnivac-klinike-u-sarajevu-optuzen-za-teske-prevare-u-sad-imao-je-niz-afera-i-u-bih\/"},"modified":"2025-11-29T08:05:11","modified_gmt":"2025-11-29T08:05:11","slug":"osnivac-klinike-u-sarajevu-optuzen-za-teske-prevare-u-sad-imao-je-niz-afera-i-u-bih","status":"publish","type":"post","link":"https:\/\/modusportal.ba\/mojevijesti\/2025\/11\/29\/osnivac-klinike-u-sarajevu-optuzen-za-teske-prevare-u-sad-imao-je-niz-afera-i-u-bih\/","title":{"rendered":"Osniva\u010d klinike u Sarajevu optu\u017een za te\u0161ke prevare u SAD! Imao je niz afera i u BiH"},"content":{"rendered":"<p><\/p>\n<p><img loading=\"lazy\" decoding=\"async\" loading=\"lazy\" width=\"1024\" height=\"538\" src=\"https:\/\/cdn.fokus.ba\/wp-content\/uploads\/2025\/11\/Mohammad-Khamis-1-1024x538.jpg\" class=\"attachment-large size-large wp-post-image\" alt=\"Mohammad Khamis\"><\/p>\n<p>Fokus donosi detalje o ljekaru kojem u SAD prijeti vi\u0161edecenijski zatvor zbog prevara pacijenata. Djelovao je i u Sarajevu kao i u Gora\u017edu<\/p>\n<p><a href=\"https:\/\/www.fokus.ba\/vijesti\/bih\/osnivac-klinike-u-sarajevu-optuzen-za-teske-prevare-u-sad-imao-je-niz-afera-i-u-bih\/3510854\/\">Fokus.ba <\/a><\/p>\n","protected":false},"excerpt":{"rendered":"<p>Fokus donosi detalje o ljekaru kojem u SAD prijeti vi\u0161edecenijski zatvor zbog prevara pacijenata. Djelovao je i u Sarajevu kao i u Gora\u017edu Fokus.ba<\/p>\n","protected":false},"author":1,"featured_media":30866,"comment_status":"open","ping_status":"open","sticky":false,"template":"","format":"standard","meta":{"_siteseo_robots_primary_cat":"","footnotes":""},"categories":[],"tags":[],"class_list":["post-30865","post","type-post","status-publish","format-standard","has-post-thumbnail"],"_links":{"self":[{"href":"https:\/\/modusportal.ba\/mojevijesti\/wp-json\/wp\/v2\/posts\/30865","targetHints":{"allow":["GET"]}}],"collection":[{"href":"https:\/\/modusportal.ba\/mojevijesti\/wp-json\/wp\/v2\/posts"}],"about":[{"href":"https:\/\/modusportal.ba\/mojevijesti\/wp-json\/wp\/v2\/types\/post"}],"author":[{"embeddable":true,"href":"https:\/\/modusportal.ba\/mojevijesti\/wp-json\/wp\/v2\/users\/1"}],"replies":[{"embeddable":true,"href":"https:\/\/modusportal.ba\/mojevijesti\/wp-json\/wp\/v2\/comments?post=30865"}],"version-history":[{"count":0,"href":"https:\/\/modusportal.ba\/mojevijesti\/wp-json\/wp\/v2\/posts\/30865\/revisions"}],"wp:featuredmedia":[{"embeddable":true,"href":"https:\/\/modusportal.ba\/mojevijesti\/wp-json\/wp\/v2\/media\/30866"}],"wp:attachment":[{"href":"https:\/\/modusportal.ba\/mojevijesti\/wp-json\/wp\/v2\/media?parent=30865"}],"wp:term":[{"taxonomy":"category","embeddable":true,"href":"https:\/\/modusportal.ba\/mojevijesti\/wp-json\/wp\/v2\/categories?post=30865"},{"taxonomy":"post_tag","embeddable":true,"href":"https:\/\/modusportal.ba\/mojevijesti\/wp-json\/wp\/v2\/tags?post=30865"}],"curies":[{"name":"wp","href":"https:\/\/api.w.org\/{rel}","templated":true}]}}