{"id":30914,"date":"2025-12-05T16:23:51","date_gmt":"2025-12-05T16:23:51","guid":{"rendered":"https:\/\/modusportal.ba\/mojevijesti\/2025\/12\/05\/soreca-plan-rasta-plan-koji-pokrece-bih-temelji-se-na-cetiri-kljucne-oblasti\/"},"modified":"2025-12-05T16:23:51","modified_gmt":"2025-12-05T16:23:51","slug":"soreca-plan-rasta-plan-koji-pokrece-bih-temelji-se-na-cetiri-kljucne-oblasti","status":"publish","type":"post","link":"https:\/\/modusportal.ba\/mojevijesti\/2025\/12\/05\/soreca-plan-rasta-plan-koji-pokrece-bih-temelji-se-na-cetiri-kljucne-oblasti\/","title":{"rendered":"Soreca: Plan rasta \u2013 plan koji pokre\u0107e BiH. Temelji se na \u010detiri klju\u010dne oblasti"},"content":{"rendered":"<p><\/p>\n<p><img loading=\"lazy\" decoding=\"async\" loading=\"lazy\" width=\"1024\" height=\"538\" src=\"https:\/\/cdn.fokus.ba\/wp-content\/uploads\/2025\/12\/Luigi-Soreca-1024x538.webp\" class=\"attachment-large size-large wp-post-image\" alt=\"Luigi Soreca\"><\/p>\n<p>&#8220;Bosna i Hercegovina ima kapacitete za velike stvari, onda kada postoji volja. Isto tako je i zemlja koja je tragi\u010dno presklona zastojima i blokadama. Plan rasta je plan za pokretanje BiH. Re\u010deno stihovima Bijelog dugmeta: \u2018Hajdemo u planine!\u2019&#8221;<\/p>\n<p><a href=\"https:\/\/www.fokus.ba\/vijesti\/bih\/soreca-plan-rasta-plan-koji-pokrece-bih-temelji-se-na-cetiri-kljucne-oblasti\/3512269\/\">Fokus.ba <\/a><\/p>\n","protected":false},"excerpt":{"rendered":"<p>&#8220;Bosna i Hercegovina ima kapacitete za velike stvari, onda kada postoji volja. Isto tako je i zemlja koja je tragi\u010dno presklona zastojima i blokadama. Plan rasta je plan za pokretanje BiH. Re\u010deno stihovima Bijelog dugmeta: \u2018Hajdemo u planine!\u2019&#8221; Fokus.ba<\/p>\n","protected":false},"author":1,"featured_media":30915,"comment_status":"open","ping_status":"open","sticky":false,"template":"","format":"standard","meta":{"_siteseo_robots_primary_cat":"","footnotes":""},"categories":[],"tags":[],"class_list":["post-30914","post","type-post","status-publish","format-standard","has-post-thumbnail"],"_links":{"self":[{"href":"https:\/\/modusportal.ba\/mojevijesti\/wp-json\/wp\/v2\/posts\/30914","targetHints":{"allow":["GET"]}}],"collection":[{"href":"https:\/\/modusportal.ba\/mojevijesti\/wp-json\/wp\/v2\/posts"}],"about":[{"href":"https:\/\/modusportal.ba\/mojevijesti\/wp-json\/wp\/v2\/types\/post"}],"author":[{"embeddable":true,"href":"https:\/\/modusportal.ba\/mojevijesti\/wp-json\/wp\/v2\/users\/1"}],"replies":[{"embeddable":true,"href":"https:\/\/modusportal.ba\/mojevijesti\/wp-json\/wp\/v2\/comments?post=30914"}],"version-history":[{"count":0,"href":"https:\/\/modusportal.ba\/mojevijesti\/wp-json\/wp\/v2\/posts\/30914\/revisions"}],"wp:featuredmedia":[{"embeddable":true,"href":"https:\/\/modusportal.ba\/mojevijesti\/wp-json\/wp\/v2\/media\/30915"}],"wp:attachment":[{"href":"https:\/\/modusportal.ba\/mojevijesti\/wp-json\/wp\/v2\/media?parent=30914"}],"wp:term":[{"taxonomy":"category","embeddable":true,"href":"https:\/\/modusportal.ba\/mojevijesti\/wp-json\/wp\/v2\/categories?post=30914"},{"taxonomy":"post_tag","embeddable":true,"href":"https:\/\/modusportal.ba\/mojevijesti\/wp-json\/wp\/v2\/tags?post=30914"}],"curies":[{"name":"wp","href":"https:\/\/api.w.org\/{rel}","templated":true}]}}