{"id":30924,"date":"2025-12-06T22:37:35","date_gmt":"2025-12-06T22:37:35","guid":{"rendered":"https:\/\/modusportal.ba\/mojevijesti\/2025\/12\/06\/crnadak-u-americi-iz-vise-izvora-mi-je-potvrdeno-dodik-je-prije-deset-dana-dobio-jasno-upozorenje\/"},"modified":"2025-12-06T22:37:35","modified_gmt":"2025-12-06T22:37:35","slug":"crnadak-u-americi-iz-vise-izvora-mi-je-potvrdeno-dodik-je-prije-deset-dana-dobio-jasno-upozorenje","status":"publish","type":"post","link":"https:\/\/modusportal.ba\/mojevijesti\/2025\/12\/06\/crnadak-u-americi-iz-vise-izvora-mi-je-potvrdeno-dodik-je-prije-deset-dana-dobio-jasno-upozorenje\/","title":{"rendered":"Crnadak u Americi: Iz vi\u0161e izvora mi je potvr\u0111eno, Dodik je prije deset dana dobio jasno upozorenje"},"content":{"rendered":"<p><\/p>\n<p><img loading=\"lazy\" decoding=\"async\" loading=\"lazy\" width=\"1024\" height=\"538\" src=\"https:\/\/cdn.fokus.ba\/wp-content\/uploads\/2025\/12\/crnadak-dodik-1024x538.webp\" class=\"attachment-large size-large wp-post-image\" alt=\"Crnadak Dodik\"><\/p>\n<p>U kabinetima u Washingtonu stanje u Bosni i Hercegovini sada se prati i vi\u0161e nego uobi\u010dajeno, tvrdi Crnadak, kako bi se utvrdilo da li \u0107e se o\u010dekivanja ispuniti<\/p>\n<p><a href=\"https:\/\/www.fokus.ba\/vijesti\/bih\/crnadak-u-americi-iz-vise-izvora-mi-je-potvrdjeno-dodik-je-prije-deset-dana-dobio-jasno-upozorenje\/3512437\/\">Fokus.ba <\/a><\/p>\n","protected":false},"excerpt":{"rendered":"<p>U kabinetima u Washingtonu stanje u Bosni i Hercegovini sada se prati i vi\u0161e nego uobi\u010dajeno, tvrdi Crnadak, kako bi se utvrdilo da li \u0107e se o\u010dekivanja ispuniti Fokus.ba<\/p>\n","protected":false},"author":1,"featured_media":30925,"comment_status":"open","ping_status":"open","sticky":false,"template":"","format":"standard","meta":{"_siteseo_robots_primary_cat":"","footnotes":""},"categories":[],"tags":[],"class_list":["post-30924","post","type-post","status-publish","format-standard","has-post-thumbnail"],"_links":{"self":[{"href":"https:\/\/modusportal.ba\/mojevijesti\/wp-json\/wp\/v2\/posts\/30924","targetHints":{"allow":["GET"]}}],"collection":[{"href":"https:\/\/modusportal.ba\/mojevijesti\/wp-json\/wp\/v2\/posts"}],"about":[{"href":"https:\/\/modusportal.ba\/mojevijesti\/wp-json\/wp\/v2\/types\/post"}],"author":[{"embeddable":true,"href":"https:\/\/modusportal.ba\/mojevijesti\/wp-json\/wp\/v2\/users\/1"}],"replies":[{"embeddable":true,"href":"https:\/\/modusportal.ba\/mojevijesti\/wp-json\/wp\/v2\/comments?post=30924"}],"version-history":[{"count":0,"href":"https:\/\/modusportal.ba\/mojevijesti\/wp-json\/wp\/v2\/posts\/30924\/revisions"}],"wp:featuredmedia":[{"embeddable":true,"href":"https:\/\/modusportal.ba\/mojevijesti\/wp-json\/wp\/v2\/media\/30925"}],"wp:attachment":[{"href":"https:\/\/modusportal.ba\/mojevijesti\/wp-json\/wp\/v2\/media?parent=30924"}],"wp:term":[{"taxonomy":"category","embeddable":true,"href":"https:\/\/modusportal.ba\/mojevijesti\/wp-json\/wp\/v2\/categories?post=30924"},{"taxonomy":"post_tag","embeddable":true,"href":"https:\/\/modusportal.ba\/mojevijesti\/wp-json\/wp\/v2\/tags?post=30924"}],"curies":[{"name":"wp","href":"https:\/\/api.w.org\/{rel}","templated":true}]}}