{"id":30932,"date":"2025-12-07T22:54:56","date_gmt":"2025-12-07T22:54:56","guid":{"rendered":"https:\/\/modusportal.ba\/mojevijesti\/2025\/12\/07\/trojka-dodik-ponovo-istim-modelom-reketari-eu-za-nas-je-on-apsolutno-neprihvatljiv-sagovornik\/"},"modified":"2025-12-07T22:54:56","modified_gmt":"2025-12-07T22:54:56","slug":"trojka-dodik-ponovo-istim-modelom-reketari-eu-za-nas-je-on-apsolutno-neprihvatljiv-sagovornik","status":"publish","type":"post","link":"https:\/\/modusportal.ba\/mojevijesti\/2025\/12\/07\/trojka-dodik-ponovo-istim-modelom-reketari-eu-za-nas-je-on-apsolutno-neprihvatljiv-sagovornik\/","title":{"rendered":"Trojka: Dodik ponovo istim modelom reketari EU, za nas je on apsolutno neprihvatljiv sagovornik"},"content":{"rendered":"<p><\/p>\n<p><img loading=\"lazy\" decoding=\"async\" loading=\"lazy\" width=\"1024\" height=\"538\" src=\"https:\/\/cdn.fokus.ba\/wp-content\/uploads\/2025\/10\/Milorad-Dodik-Pixsell-1024x538.webp\" class=\"attachment-large size-large wp-post-image\" alt=\"Milorad-Dodik-Pixsell\"><\/p>\n<p>Istakli su da Dodikove secesionisti\u010dke aktivnosti ru\u0161e ustavni poredak a \u0161ovinisti\u010dka retorika vodi ka podjelama i etni\u010dkoj netrpeljivosti<\/p>\n<p><a href=\"https:\/\/www.fokus.ba\/vijesti\/bih\/trojka-dodik-ponovo-istim-modelom-reketari-eu-za-nas-je-on-apsolutno-neprihvatljiv-sagovornik\/3512537\/\">Fokus.ba <\/a><\/p>\n","protected":false},"excerpt":{"rendered":"<p>Istakli su da Dodikove secesionisti\u010dke aktivnosti ru\u0161e ustavni poredak a \u0161ovinisti\u010dka retorika vodi ka podjelama i etni\u010dkoj netrpeljivosti Fokus.ba<\/p>\n","protected":false},"author":1,"featured_media":30933,"comment_status":"open","ping_status":"open","sticky":false,"template":"","format":"standard","meta":{"_siteseo_robots_primary_cat":"","footnotes":""},"categories":[],"tags":[],"class_list":["post-30932","post","type-post","status-publish","format-standard","has-post-thumbnail"],"_links":{"self":[{"href":"https:\/\/modusportal.ba\/mojevijesti\/wp-json\/wp\/v2\/posts\/30932","targetHints":{"allow":["GET"]}}],"collection":[{"href":"https:\/\/modusportal.ba\/mojevijesti\/wp-json\/wp\/v2\/posts"}],"about":[{"href":"https:\/\/modusportal.ba\/mojevijesti\/wp-json\/wp\/v2\/types\/post"}],"author":[{"embeddable":true,"href":"https:\/\/modusportal.ba\/mojevijesti\/wp-json\/wp\/v2\/users\/1"}],"replies":[{"embeddable":true,"href":"https:\/\/modusportal.ba\/mojevijesti\/wp-json\/wp\/v2\/comments?post=30932"}],"version-history":[{"count":0,"href":"https:\/\/modusportal.ba\/mojevijesti\/wp-json\/wp\/v2\/posts\/30932\/revisions"}],"wp:featuredmedia":[{"embeddable":true,"href":"https:\/\/modusportal.ba\/mojevijesti\/wp-json\/wp\/v2\/media\/30933"}],"wp:attachment":[{"href":"https:\/\/modusportal.ba\/mojevijesti\/wp-json\/wp\/v2\/media?parent=30932"}],"wp:term":[{"taxonomy":"category","embeddable":true,"href":"https:\/\/modusportal.ba\/mojevijesti\/wp-json\/wp\/v2\/categories?post=30932"},{"taxonomy":"post_tag","embeddable":true,"href":"https:\/\/modusportal.ba\/mojevijesti\/wp-json\/wp\/v2\/tags?post=30932"}],"curies":[{"name":"wp","href":"https:\/\/api.w.org\/{rel}","templated":true}]}}