{"id":30947,"date":"2025-12-09T23:38:08","date_gmt":"2025-12-09T23:38:08","guid":{"rendered":"https:\/\/modusportal.ba\/mojevijesti\/2025\/12\/09\/za-vrsnjacko-nasilje-optuzuju-djecu-policajca-privatnika-i-direktora-firme\/"},"modified":"2025-12-09T23:38:08","modified_gmt":"2025-12-09T23:38:08","slug":"za-vrsnjacko-nasilje-optuzuju-djecu-policajca-privatnika-i-direktora-firme","status":"publish","type":"post","link":"https:\/\/modusportal.ba\/mojevijesti\/2025\/12\/09\/za-vrsnjacko-nasilje-optuzuju-djecu-policajca-privatnika-i-direktora-firme\/","title":{"rendered":"Za vr\u0161nja\u010dko nasilje optu\u017euju djecu policajca, privatnika i direktora firme"},"content":{"rendered":"<p><\/p>\n<p><img loading=\"lazy\" decoding=\"async\" loading=\"lazy\" width=\"1024\" height=\"538\" src=\"https:\/\/cdn.fokus.ba\/wp-content\/uploads\/2025\/09\/skola-ucenici-1024x538.webp\" class=\"attachment-large size-large wp-post-image\" alt=\"skola ucenici\"><\/p>\n<p>\u201cDirektorici isti\u010de mandat i boji se reagovati. Mi danas nismo dali djeci u \u0161kolu. Za nas je nastava zavr\u0161ena dok se ovo ne rije\u0161i\u201d, rekao je jedan od roditelja<\/p>\n<p><a href=\"https:\/\/www.fokus.ba\/vijesti\/bih\/za-vrsnjacko-nasilje-optuzuju-djecu-policajca-privatnika-i-direktora-firme\/3513056\/\">Fokus.ba <\/a><\/p>\n","protected":false},"excerpt":{"rendered":"<p>\u201cDirektorici isti\u010de mandat i boji se reagovati. Mi danas nismo dali djeci u \u0161kolu. Za nas je nastava zavr\u0161ena dok se ovo ne rije\u0161i\u201d, rekao je jedan od roditelja Fokus.ba<\/p>\n","protected":false},"author":1,"featured_media":30201,"comment_status":"open","ping_status":"open","sticky":false,"template":"","format":"standard","meta":{"_siteseo_robots_primary_cat":"","footnotes":""},"categories":[],"tags":[],"class_list":["post-30947","post","type-post","status-publish","format-standard","has-post-thumbnail"],"_links":{"self":[{"href":"https:\/\/modusportal.ba\/mojevijesti\/wp-json\/wp\/v2\/posts\/30947","targetHints":{"allow":["GET"]}}],"collection":[{"href":"https:\/\/modusportal.ba\/mojevijesti\/wp-json\/wp\/v2\/posts"}],"about":[{"href":"https:\/\/modusportal.ba\/mojevijesti\/wp-json\/wp\/v2\/types\/post"}],"author":[{"embeddable":true,"href":"https:\/\/modusportal.ba\/mojevijesti\/wp-json\/wp\/v2\/users\/1"}],"replies":[{"embeddable":true,"href":"https:\/\/modusportal.ba\/mojevijesti\/wp-json\/wp\/v2\/comments?post=30947"}],"version-history":[{"count":0,"href":"https:\/\/modusportal.ba\/mojevijesti\/wp-json\/wp\/v2\/posts\/30947\/revisions"}],"wp:featuredmedia":[{"embeddable":true,"href":"https:\/\/modusportal.ba\/mojevijesti\/wp-json\/wp\/v2\/media\/30201"}],"wp:attachment":[{"href":"https:\/\/modusportal.ba\/mojevijesti\/wp-json\/wp\/v2\/media?parent=30947"}],"wp:term":[{"taxonomy":"category","embeddable":true,"href":"https:\/\/modusportal.ba\/mojevijesti\/wp-json\/wp\/v2\/categories?post=30947"},{"taxonomy":"post_tag","embeddable":true,"href":"https:\/\/modusportal.ba\/mojevijesti\/wp-json\/wp\/v2\/tags?post=30947"}],"curies":[{"name":"wp","href":"https:\/\/api.w.org\/{rel}","templated":true}]}}