{"id":30971,"date":"2025-12-13T06:33:02","date_gmt":"2025-12-13T06:33:02","guid":{"rendered":"https:\/\/modusportal.ba\/mojevijesti\/2025\/12\/13\/budzet-predsjednika-rs-povecan-na-80-miliona-km\/"},"modified":"2025-12-13T06:33:02","modified_gmt":"2025-12-13T06:33:02","slug":"budzet-predsjednika-rs-povecan-na-80-miliona-km","status":"publish","type":"post","link":"https:\/\/modusportal.ba\/mojevijesti\/2025\/12\/13\/budzet-predsjednika-rs-povecan-na-80-miliona-km\/","title":{"rendered":"Bud\u017eet predsjednika RS pove\u0107an na 80 miliona KM"},"content":{"rendered":"<p><\/p>\n<p><img loading=\"lazy\" decoding=\"async\" loading=\"lazy\" width=\"1024\" height=\"538\" src=\"https:\/\/cdn.fokus.ba\/wp-content\/uploads\/2025\/12\/Palata-predsjednika-RS-1-1-1024x538.jpg\" class=\"attachment-large size-large wp-post-image\" alt=\"Palata predsjednika RS\"><\/p>\n<p>Bud\u017eet je rapidno skresan i vi\u0161e nego prepolovljen Ministarstvu za evropske integracije i me\u0111unarodnu saradnju RS na \u010dijem \u010delu je Zlatan Kloki\u0107. Bud\u017eet ovog ministarstva je smanjen sa 94,5 miliona KM na 43,3 miliona maraka<\/p>\n<p><a href=\"https:\/\/www.fokus.ba\/vijesti\/bih\/budzet-predsjednika-rs-povecan-na-80-miliona-km\/3513783\/\">Fokus.ba <\/a><\/p>\n","protected":false},"excerpt":{"rendered":"<p>Bud\u017eet je rapidno skresan i vi\u0161e nego prepolovljen Ministarstvu za evropske integracije i me\u0111unarodnu saradnju RS na \u010dijem \u010delu je Zlatan Kloki\u0107. Bud\u017eet ovog ministarstva je smanjen sa 94,5 miliona KM na 43,3 miliona maraka Fokus.ba<\/p>\n","protected":false},"author":1,"featured_media":30972,"comment_status":"open","ping_status":"open","sticky":false,"template":"","format":"standard","meta":{"_siteseo_robots_primary_cat":"","footnotes":""},"categories":[],"tags":[],"class_list":["post-30971","post","type-post","status-publish","format-standard","has-post-thumbnail"],"_links":{"self":[{"href":"https:\/\/modusportal.ba\/mojevijesti\/wp-json\/wp\/v2\/posts\/30971","targetHints":{"allow":["GET"]}}],"collection":[{"href":"https:\/\/modusportal.ba\/mojevijesti\/wp-json\/wp\/v2\/posts"}],"about":[{"href":"https:\/\/modusportal.ba\/mojevijesti\/wp-json\/wp\/v2\/types\/post"}],"author":[{"embeddable":true,"href":"https:\/\/modusportal.ba\/mojevijesti\/wp-json\/wp\/v2\/users\/1"}],"replies":[{"embeddable":true,"href":"https:\/\/modusportal.ba\/mojevijesti\/wp-json\/wp\/v2\/comments?post=30971"}],"version-history":[{"count":0,"href":"https:\/\/modusportal.ba\/mojevijesti\/wp-json\/wp\/v2\/posts\/30971\/revisions"}],"wp:featuredmedia":[{"embeddable":true,"href":"https:\/\/modusportal.ba\/mojevijesti\/wp-json\/wp\/v2\/media\/30972"}],"wp:attachment":[{"href":"https:\/\/modusportal.ba\/mojevijesti\/wp-json\/wp\/v2\/media?parent=30971"}],"wp:term":[{"taxonomy":"category","embeddable":true,"href":"https:\/\/modusportal.ba\/mojevijesti\/wp-json\/wp\/v2\/categories?post=30971"},{"taxonomy":"post_tag","embeddable":true,"href":"https:\/\/modusportal.ba\/mojevijesti\/wp-json\/wp\/v2\/tags?post=30971"}],"curies":[{"name":"wp","href":"https:\/\/api.w.org\/{rel}","templated":true}]}}