{"id":30983,"date":"2025-12-14T18:42:14","date_gmt":"2025-12-14T18:42:14","guid":{"rendered":"https:\/\/modusportal.ba\/mojevijesti\/2025\/12\/14\/konakovic-u-rijadu-dijalog-medu-kulturama-kljucan-za-mir-i-stabilnost\/"},"modified":"2025-12-14T18:42:14","modified_gmt":"2025-12-14T18:42:14","slug":"konakovic-u-rijadu-dijalog-medu-kulturama-kljucan-za-mir-i-stabilnost","status":"publish","type":"post","link":"https:\/\/modusportal.ba\/mojevijesti\/2025\/12\/14\/konakovic-u-rijadu-dijalog-medu-kulturama-kljucan-za-mir-i-stabilnost\/","title":{"rendered":"Konakovi\u0107 u Rijadu: Dijalog me\u0111u kulturama klju\u010dan za mir i stabilnost"},"content":{"rendered":"<p><\/p>\n<p><img loading=\"lazy\" decoding=\"async\" loading=\"lazy\" width=\"1024\" height=\"538\" src=\"https:\/\/cdn.fokus.ba\/wp-content\/uploads\/2025\/12\/elmedin-konakovic-rijad-1024x538.jpg\" class=\"attachment-large size-large wp-post-image\" alt=\"elmedin konakovic\"><\/p>\n<p>Konakovi\u0107 je izrazio punu podr\u0161ku Bosne i Hercegovine viziji UNAOC-a te zahvalio organizatorima i u\u010desnicima Foruma na kontinuiranoj posve\u0107enosti ja\u010danju me\u0111usobnog po\u0161tovanja i razumijevanja<\/p>\n<p><a href=\"https:\/\/www.fokus.ba\/vijesti\/bih\/konakovic-u-rijadu-dijalog-medju-kulturama-kljucan-za-mir-i-stabilnost\/3514062\/\">Fokus.ba <\/a><\/p>\n","protected":false},"excerpt":{"rendered":"<p>Konakovi\u0107 je izrazio punu podr\u0161ku Bosne i Hercegovine viziji UNAOC-a te zahvalio organizatorima i u\u010desnicima Foruma na kontinuiranoj posve\u0107enosti ja\u010danju me\u0111usobnog po\u0161tovanja i razumijevanja Fokus.ba<\/p>\n","protected":false},"author":1,"featured_media":30984,"comment_status":"open","ping_status":"open","sticky":false,"template":"","format":"standard","meta":{"_siteseo_robots_primary_cat":"","footnotes":""},"categories":[],"tags":[],"class_list":["post-30983","post","type-post","status-publish","format-standard","has-post-thumbnail"],"_links":{"self":[{"href":"https:\/\/modusportal.ba\/mojevijesti\/wp-json\/wp\/v2\/posts\/30983","targetHints":{"allow":["GET"]}}],"collection":[{"href":"https:\/\/modusportal.ba\/mojevijesti\/wp-json\/wp\/v2\/posts"}],"about":[{"href":"https:\/\/modusportal.ba\/mojevijesti\/wp-json\/wp\/v2\/types\/post"}],"author":[{"embeddable":true,"href":"https:\/\/modusportal.ba\/mojevijesti\/wp-json\/wp\/v2\/users\/1"}],"replies":[{"embeddable":true,"href":"https:\/\/modusportal.ba\/mojevijesti\/wp-json\/wp\/v2\/comments?post=30983"}],"version-history":[{"count":0,"href":"https:\/\/modusportal.ba\/mojevijesti\/wp-json\/wp\/v2\/posts\/30983\/revisions"}],"wp:featuredmedia":[{"embeddable":true,"href":"https:\/\/modusportal.ba\/mojevijesti\/wp-json\/wp\/v2\/media\/30984"}],"wp:attachment":[{"href":"https:\/\/modusportal.ba\/mojevijesti\/wp-json\/wp\/v2\/media?parent=30983"}],"wp:term":[{"taxonomy":"category","embeddable":true,"href":"https:\/\/modusportal.ba\/mojevijesti\/wp-json\/wp\/v2\/categories?post=30983"},{"taxonomy":"post_tag","embeddable":true,"href":"https:\/\/modusportal.ba\/mojevijesti\/wp-json\/wp\/v2\/tags?post=30983"}],"curies":[{"name":"wp","href":"https:\/\/api.w.org\/{rel}","templated":true}]}}