{"id":30987,"date":"2025-12-15T06:45:19","date_gmt":"2025-12-15T06:45:19","guid":{"rendered":"https:\/\/modusportal.ba\/mojevijesti\/2025\/12\/15\/sta-ce-za-skolarce-znaciti-proglasenje-epizode-uzbuna-ili-upozorenje\/"},"modified":"2025-12-15T06:45:19","modified_gmt":"2025-12-15T06:45:19","slug":"sta-ce-za-skolarce-znaciti-proglasenje-epizode-uzbuna-ili-upozorenje","status":"publish","type":"post","link":"https:\/\/modusportal.ba\/mojevijesti\/2025\/12\/15\/sta-ce-za-skolarce-znaciti-proglasenje-epizode-uzbuna-ili-upozorenje\/","title":{"rendered":"\u0160ta \u0107e za \u0161kolarce zna\u010diti progla\u0161enje epizode \u201cuzbuna\u201d ili \u201cupozorenje\u201d?"},"content":{"rendered":"<p><\/p>\n<p><img loading=\"lazy\" decoding=\"async\" loading=\"lazy\" width=\"1024\" height=\"538\" src=\"https:\/\/cdn.fokus.ba\/wp-content\/uploads\/2025\/12\/smog-zagadjenje-zraka-sarajevo-1024x538.jpg\" class=\"attachment-large size-large wp-post-image\" alt=\"smog zagadjenje zraka sarajevo\"><\/p>\n<p>Na online nastavu se ne\u0107e i\u0107i, ali je revidiran Plan interventnih mjera po kojem se postupa onda kada se zbog zaga\u0111enja proglasi takozvana epizoda &#8220;Upozorenja&#8221; ili &#8220;Uzbune&#8221;<\/p>\n<p><a href=\"https:\/\/www.fokus.ba\/vijesti\/bih\/sta-ce-za-skolarce-znaciti-proglasenje-epizode-uzbuna-ili-upozorenje\/3514072\/\">Fokus.ba <\/a><\/p>\n","protected":false},"excerpt":{"rendered":"<p>Na online nastavu se ne\u0107e i\u0107i, ali je revidiran Plan interventnih mjera po kojem se postupa onda kada se zbog zaga\u0111enja proglasi takozvana epizoda &#8220;Upozorenja&#8221; ili &#8220;Uzbune&#8221; Fokus.ba<\/p>\n","protected":false},"author":1,"featured_media":30988,"comment_status":"open","ping_status":"open","sticky":false,"template":"","format":"standard","meta":{"_siteseo_robots_primary_cat":"","footnotes":""},"categories":[],"tags":[],"class_list":["post-30987","post","type-post","status-publish","format-standard","has-post-thumbnail"],"_links":{"self":[{"href":"https:\/\/modusportal.ba\/mojevijesti\/wp-json\/wp\/v2\/posts\/30987","targetHints":{"allow":["GET"]}}],"collection":[{"href":"https:\/\/modusportal.ba\/mojevijesti\/wp-json\/wp\/v2\/posts"}],"about":[{"href":"https:\/\/modusportal.ba\/mojevijesti\/wp-json\/wp\/v2\/types\/post"}],"author":[{"embeddable":true,"href":"https:\/\/modusportal.ba\/mojevijesti\/wp-json\/wp\/v2\/users\/1"}],"replies":[{"embeddable":true,"href":"https:\/\/modusportal.ba\/mojevijesti\/wp-json\/wp\/v2\/comments?post=30987"}],"version-history":[{"count":0,"href":"https:\/\/modusportal.ba\/mojevijesti\/wp-json\/wp\/v2\/posts\/30987\/revisions"}],"wp:featuredmedia":[{"embeddable":true,"href":"https:\/\/modusportal.ba\/mojevijesti\/wp-json\/wp\/v2\/media\/30988"}],"wp:attachment":[{"href":"https:\/\/modusportal.ba\/mojevijesti\/wp-json\/wp\/v2\/media?parent=30987"}],"wp:term":[{"taxonomy":"category","embeddable":true,"href":"https:\/\/modusportal.ba\/mojevijesti\/wp-json\/wp\/v2\/categories?post=30987"},{"taxonomy":"post_tag","embeddable":true,"href":"https:\/\/modusportal.ba\/mojevijesti\/wp-json\/wp\/v2\/tags?post=30987"}],"curies":[{"name":"wp","href":"https:\/\/api.w.org\/{rel}","templated":true}]}}