{"id":30993,"date":"2025-12-16T00:55:57","date_gmt":"2025-12-16T00:55:57","guid":{"rendered":"https:\/\/modusportal.ba\/mojevijesti\/2025\/12\/16\/objavljena-statistika-manji-broj-ucenika-u-osnovnim-a-veci-u-srednjim-skolama\/"},"modified":"2025-12-16T00:55:57","modified_gmt":"2025-12-16T00:55:57","slug":"objavljena-statistika-manji-broj-ucenika-u-osnovnim-a-veci-u-srednjim-skolama","status":"publish","type":"post","link":"https:\/\/modusportal.ba\/mojevijesti\/2025\/12\/16\/objavljena-statistika-manji-broj-ucenika-u-osnovnim-a-veci-u-srednjim-skolama\/","title":{"rendered":"Objavljena statistika: Manji broj u\u010denika u osnovnim, a ve\u0107i u srednjim \u0161kolama"},"content":{"rendered":"<p><\/p>\n<p><img loading=\"lazy\" decoding=\"async\" loading=\"lazy\" width=\"1024\" height=\"538\" src=\"https:\/\/cdn.fokus.ba\/wp-content\/uploads\/2024\/05\/djeca-skola-fena-1024x538.webp\" class=\"attachment-large size-large wp-post-image\" alt=\"Vi\u0161e od 50 posto ispitane djece u BiH do\u017eivjelo neprijatnosti na internetu\"><\/p>\n<p>Najve\u0107i broj upisanih u\u010denika je u Kantonu Sarajevo i Tuzlanskom kantonu, a najmanji broj upisanih u\u010denika je u Posavskom kantonu<\/p>\n<p><a href=\"https:\/\/www.fokus.ba\/vijesti\/bih\/objavljena-statistika-manji-broj-ucenika-u-osnovnim-a-veci-u-srednjim-skolama\/3514326\/\">Fokus.ba <\/a><\/p>\n","protected":false},"excerpt":{"rendered":"<p>Najve\u0107i broj upisanih u\u010denika je u Kantonu Sarajevo i Tuzlanskom kantonu, a najmanji broj upisanih u\u010denika je u Posavskom kantonu Fokus.ba<\/p>\n","protected":false},"author":1,"featured_media":30994,"comment_status":"open","ping_status":"open","sticky":false,"template":"","format":"standard","meta":{"_siteseo_robots_primary_cat":"","footnotes":""},"categories":[],"tags":[],"class_list":["post-30993","post","type-post","status-publish","format-standard","has-post-thumbnail"],"_links":{"self":[{"href":"https:\/\/modusportal.ba\/mojevijesti\/wp-json\/wp\/v2\/posts\/30993","targetHints":{"allow":["GET"]}}],"collection":[{"href":"https:\/\/modusportal.ba\/mojevijesti\/wp-json\/wp\/v2\/posts"}],"about":[{"href":"https:\/\/modusportal.ba\/mojevijesti\/wp-json\/wp\/v2\/types\/post"}],"author":[{"embeddable":true,"href":"https:\/\/modusportal.ba\/mojevijesti\/wp-json\/wp\/v2\/users\/1"}],"replies":[{"embeddable":true,"href":"https:\/\/modusportal.ba\/mojevijesti\/wp-json\/wp\/v2\/comments?post=30993"}],"version-history":[{"count":0,"href":"https:\/\/modusportal.ba\/mojevijesti\/wp-json\/wp\/v2\/posts\/30993\/revisions"}],"wp:featuredmedia":[{"embeddable":true,"href":"https:\/\/modusportal.ba\/mojevijesti\/wp-json\/wp\/v2\/media\/30994"}],"wp:attachment":[{"href":"https:\/\/modusportal.ba\/mojevijesti\/wp-json\/wp\/v2\/media?parent=30993"}],"wp:term":[{"taxonomy":"category","embeddable":true,"href":"https:\/\/modusportal.ba\/mojevijesti\/wp-json\/wp\/v2\/categories?post=30993"},{"taxonomy":"post_tag","embeddable":true,"href":"https:\/\/modusportal.ba\/mojevijesti\/wp-json\/wp\/v2\/tags?post=30993"}],"curies":[{"name":"wp","href":"https:\/\/api.w.org\/{rel}","templated":true}]}}