{"id":31017,"date":"2025-12-19T01:30:56","date_gmt":"2025-12-19T01:30:56","guid":{"rendered":"https:\/\/modusportal.ba\/mojevijesti\/2025\/12\/19\/nermin-niksic-najavio-istorijsko-povecanje-penzija\/"},"modified":"2025-12-19T01:30:56","modified_gmt":"2025-12-19T01:30:56","slug":"nermin-niksic-najavio-istorijsko-povecanje-penzija","status":"publish","type":"post","link":"https:\/\/modusportal.ba\/mojevijesti\/2025\/12\/19\/nermin-niksic-najavio-istorijsko-povecanje-penzija\/","title":{"rendered":"Nermin Nik\u0161i\u0107 najavio \u201cistorijsko pove\u0107anje penzija\u201d"},"content":{"rendered":"<p><\/p>\n<p><img loading=\"lazy\" decoding=\"async\" loading=\"lazy\" width=\"1024\" height=\"538\" src=\"https:\/\/cdn.fokus.ba\/wp-content\/uploads\/2025\/12\/14d17675ad3aa31f50da166209619af1-1-1024x538.jpg\" class=\"attachment-large size-large wp-post-image\" alt=\"Nermin Nik\u0161i\u0107 i Zukan Helez\"><\/p>\n<p>&#8220;Naravno, ne mislimo da se time rje\u0161avaju svi problemi, jo\u0161 uvijek \u0107e trebati u\u010diniti puno poteza kako bi ta na\u0161a najugro\u017eenija populacija penzionera dostigla neki standard odgovaraju\u0107i za \u017eivot, ali u svakom slu\u010daju pokazujemo da smo Vlada kojoj se mo\u017ee vjerovati&#8221;, smatra Nik\u0161i\u0107<\/p>\n<p><a href=\"https:\/\/www.fokus.ba\/vijesti\/bih\/nermin-niksic-najavio-istorijsko-povecanje-penzija\/3515119\/\">Fokus.ba <\/a><\/p>\n","protected":false},"excerpt":{"rendered":"<p>&#8220;Naravno, ne mislimo da se time rje\u0161avaju svi problemi, jo\u0161 uvijek \u0107e trebati u\u010diniti puno poteza kako bi ta na\u0161a najugro\u017eenija populacija penzionera dostigla neki standard odgovaraju\u0107i za \u017eivot, ali u svakom slu\u010daju pokazujemo da smo Vlada kojoj se mo\u017ee vjerovati&#8221;, smatra Nik\u0161i\u0107 Fokus.ba<\/p>\n","protected":false},"author":1,"featured_media":31018,"comment_status":"open","ping_status":"open","sticky":false,"template":"","format":"standard","meta":{"_siteseo_robots_primary_cat":"","footnotes":""},"categories":[],"tags":[],"class_list":["post-31017","post","type-post","status-publish","format-standard","has-post-thumbnail"],"_links":{"self":[{"href":"https:\/\/modusportal.ba\/mojevijesti\/wp-json\/wp\/v2\/posts\/31017","targetHints":{"allow":["GET"]}}],"collection":[{"href":"https:\/\/modusportal.ba\/mojevijesti\/wp-json\/wp\/v2\/posts"}],"about":[{"href":"https:\/\/modusportal.ba\/mojevijesti\/wp-json\/wp\/v2\/types\/post"}],"author":[{"embeddable":true,"href":"https:\/\/modusportal.ba\/mojevijesti\/wp-json\/wp\/v2\/users\/1"}],"replies":[{"embeddable":true,"href":"https:\/\/modusportal.ba\/mojevijesti\/wp-json\/wp\/v2\/comments?post=31017"}],"version-history":[{"count":0,"href":"https:\/\/modusportal.ba\/mojevijesti\/wp-json\/wp\/v2\/posts\/31017\/revisions"}],"wp:featuredmedia":[{"embeddable":true,"href":"https:\/\/modusportal.ba\/mojevijesti\/wp-json\/wp\/v2\/media\/31018"}],"wp:attachment":[{"href":"https:\/\/modusportal.ba\/mojevijesti\/wp-json\/wp\/v2\/media?parent=31017"}],"wp:term":[{"taxonomy":"category","embeddable":true,"href":"https:\/\/modusportal.ba\/mojevijesti\/wp-json\/wp\/v2\/categories?post=31017"},{"taxonomy":"post_tag","embeddable":true,"href":"https:\/\/modusportal.ba\/mojevijesti\/wp-json\/wp\/v2\/tags?post=31017"}],"curies":[{"name":"wp","href":"https:\/\/api.w.org\/{rel}","templated":true}]}}