{"id":31038,"date":"2025-12-21T19:53:41","date_gmt":"2025-12-21T19:53:41","guid":{"rendered":"https:\/\/modusportal.ba\/mojevijesti\/2025\/12\/21\/koliko-zapravo-stanovnika-ima-bosna-i-hercegovina\/"},"modified":"2025-12-21T19:53:41","modified_gmt":"2025-12-21T19:53:41","slug":"koliko-zapravo-stanovnika-ima-bosna-i-hercegovina","status":"publish","type":"post","link":"https:\/\/modusportal.ba\/mojevijesti\/2025\/12\/21\/koliko-zapravo-stanovnika-ima-bosna-i-hercegovina\/","title":{"rendered":"Koliko zapravo stanovnika ima Bosna i Hercegovina"},"content":{"rendered":"<p><\/p>\n<p><img loading=\"lazy\" decoding=\"async\" loading=\"lazy\" width=\"1024\" height=\"538\" src=\"https:\/\/cdn.fokus.ba\/wp-content\/uploads\/2025\/07\/sarajevo-zastava-panorama-1024x538.webp\" class=\"attachment-large size-large wp-post-image\" alt=\"sarajevo zastava panorama\"><\/p>\n<p>I sami gra\u0111ani smatraju da bi rezultati eventualnog novog popisa stanovni\u0161tva bili izrazito zabrinjavaju\u0107i, te da se pitanje popisa godinama svjesno zanemaruje<\/p>\n<p><a href=\"https:\/\/www.fokus.ba\/vijesti\/bih\/koliko-zapravo-stanovnika-ima-bosna-i-hercegovina\/3515634\/\">Fokus.ba <\/a><\/p>\n","protected":false},"excerpt":{"rendered":"<p>I sami gra\u0111ani smatraju da bi rezultati eventualnog novog popisa stanovni\u0161tva bili izrazito zabrinjavaju\u0107i, te da se pitanje popisa godinama svjesno zanemaruje Fokus.ba<\/p>\n","protected":false},"author":1,"featured_media":31039,"comment_status":"open","ping_status":"open","sticky":false,"template":"","format":"standard","meta":{"_siteseo_robots_primary_cat":"","footnotes":""},"categories":[],"tags":[],"class_list":["post-31038","post","type-post","status-publish","format-standard","has-post-thumbnail"],"_links":{"self":[{"href":"https:\/\/modusportal.ba\/mojevijesti\/wp-json\/wp\/v2\/posts\/31038","targetHints":{"allow":["GET"]}}],"collection":[{"href":"https:\/\/modusportal.ba\/mojevijesti\/wp-json\/wp\/v2\/posts"}],"about":[{"href":"https:\/\/modusportal.ba\/mojevijesti\/wp-json\/wp\/v2\/types\/post"}],"author":[{"embeddable":true,"href":"https:\/\/modusportal.ba\/mojevijesti\/wp-json\/wp\/v2\/users\/1"}],"replies":[{"embeddable":true,"href":"https:\/\/modusportal.ba\/mojevijesti\/wp-json\/wp\/v2\/comments?post=31038"}],"version-history":[{"count":0,"href":"https:\/\/modusportal.ba\/mojevijesti\/wp-json\/wp\/v2\/posts\/31038\/revisions"}],"wp:featuredmedia":[{"embeddable":true,"href":"https:\/\/modusportal.ba\/mojevijesti\/wp-json\/wp\/v2\/media\/31039"}],"wp:attachment":[{"href":"https:\/\/modusportal.ba\/mojevijesti\/wp-json\/wp\/v2\/media?parent=31038"}],"wp:term":[{"taxonomy":"category","embeddable":true,"href":"https:\/\/modusportal.ba\/mojevijesti\/wp-json\/wp\/v2\/categories?post=31038"},{"taxonomy":"post_tag","embeddable":true,"href":"https:\/\/modusportal.ba\/mojevijesti\/wp-json\/wp\/v2\/tags?post=31038"}],"curies":[{"name":"wp","href":"https:\/\/api.w.org\/{rel}","templated":true}]}}