{"id":31068,"date":"2025-12-26T02:53:19","date_gmt":"2025-12-26T02:53:19","guid":{"rendered":"https:\/\/modusportal.ba\/mojevijesti\/2025\/12\/26\/dodik-vrijedao-clanicu-cik-a-histericna-zena-u-godinama-vezana-je-za-muslimane\/"},"modified":"2025-12-26T02:53:19","modified_gmt":"2025-12-26T02:53:19","slug":"dodik-vrijedao-clanicu-cik-a-histericna-zena-u-godinama-vezana-je-za-muslimane","status":"publish","type":"post","link":"https:\/\/modusportal.ba\/mojevijesti\/2025\/12\/26\/dodik-vrijedao-clanicu-cik-a-histericna-zena-u-godinama-vezana-je-za-muslimane\/","title":{"rendered":"Dodik vrije\u0111ao \u010dlanicu CIK-a: \u201cHisteri\u010dna \u017eena u godinama, vezana je za muslimane\u201d"},"content":{"rendered":"<p><\/p>\n<p><img loading=\"lazy\" decoding=\"async\" loading=\"lazy\" width=\"1024\" height=\"538\" src=\"https:\/\/cdn.fokus.ba\/wp-content\/uploads\/2025\/10\/dodik-pixsell-1024x538.webp\" class=\"attachment-large size-large wp-post-image\" alt=\"milorad dodik\"><\/p>\n<p>Dodik je nakon odluke CIK-a o poni\u0161tavanju izbora na dijelu bira\u010dkih mjesta iznio niz li\u010dnih uvreda na ra\u010dun Vanje Bjelice Prutina<\/p>\n<p><a href=\"https:\/\/www.fokus.ba\/vijesti\/bih\/dodik-vrijedjao-clanicu-cik-a-histericna-zena-u-godinama-vezana-je-za-muslimane\/3516520\/\">Fokus.ba <\/a><\/p>\n","protected":false},"excerpt":{"rendered":"<p>Dodik je nakon odluke CIK-a o poni\u0161tavanju izbora na dijelu bira\u010dkih mjesta iznio niz li\u010dnih uvreda na ra\u010dun Vanje Bjelice Prutina Fokus.ba<\/p>\n","protected":false},"author":1,"featured_media":30651,"comment_status":"open","ping_status":"open","sticky":false,"template":"","format":"standard","meta":{"_siteseo_robots_primary_cat":"","footnotes":""},"categories":[],"tags":[],"class_list":["post-31068","post","type-post","status-publish","format-standard","has-post-thumbnail"],"_links":{"self":[{"href":"https:\/\/modusportal.ba\/mojevijesti\/wp-json\/wp\/v2\/posts\/31068","targetHints":{"allow":["GET"]}}],"collection":[{"href":"https:\/\/modusportal.ba\/mojevijesti\/wp-json\/wp\/v2\/posts"}],"about":[{"href":"https:\/\/modusportal.ba\/mojevijesti\/wp-json\/wp\/v2\/types\/post"}],"author":[{"embeddable":true,"href":"https:\/\/modusportal.ba\/mojevijesti\/wp-json\/wp\/v2\/users\/1"}],"replies":[{"embeddable":true,"href":"https:\/\/modusportal.ba\/mojevijesti\/wp-json\/wp\/v2\/comments?post=31068"}],"version-history":[{"count":0,"href":"https:\/\/modusportal.ba\/mojevijesti\/wp-json\/wp\/v2\/posts\/31068\/revisions"}],"wp:featuredmedia":[{"embeddable":true,"href":"https:\/\/modusportal.ba\/mojevijesti\/wp-json\/wp\/v2\/media\/30651"}],"wp:attachment":[{"href":"https:\/\/modusportal.ba\/mojevijesti\/wp-json\/wp\/v2\/media?parent=31068"}],"wp:term":[{"taxonomy":"category","embeddable":true,"href":"https:\/\/modusportal.ba\/mojevijesti\/wp-json\/wp\/v2\/categories?post=31068"},{"taxonomy":"post_tag","embeddable":true,"href":"https:\/\/modusportal.ba\/mojevijesti\/wp-json\/wp\/v2\/tags?post=31068"}],"curies":[{"name":"wp","href":"https:\/\/api.w.org\/{rel}","templated":true}]}}