{"id":31085,"date":"2025-12-28T09:21:51","date_gmt":"2025-12-28T09:21:51","guid":{"rendered":"https:\/\/modusportal.ba\/mojevijesti\/2025\/12\/28\/sud-donio-odluku-muhamed-ajanovic-ide-u-pritvor-dalila-hakalovic-dobila-mjere-zabrane\/"},"modified":"2025-12-28T09:21:51","modified_gmt":"2025-12-28T09:21:51","slug":"sud-donio-odluku-muhamed-ajanovic-ide-u-pritvor-dalila-hakalovic-dobila-mjere-zabrane","status":"publish","type":"post","link":"https:\/\/modusportal.ba\/mojevijesti\/2025\/12\/28\/sud-donio-odluku-muhamed-ajanovic-ide-u-pritvor-dalila-hakalovic-dobila-mjere-zabrane\/","title":{"rendered":"Sud donio odluku: Muhamed Ajanovi\u0107 ide u pritvor, Dalila Hakalovi\u0107 dobila mjere zabrane"},"content":{"rendered":"<p><\/p>\n<p><img loading=\"lazy\" decoding=\"async\" loading=\"lazy\" width=\"1024\" height=\"538\" src=\"https:\/\/cdn.fokus.ba\/wp-content\/uploads\/2025\/12\/muhamed-ajanovic-dalila-hakalovic-1024x538.jpg\" class=\"attachment-large size-large wp-post-image\" alt=\"muhamed ajanovic dalila hakalovic\"><\/p>\n<p>Sud donio odluku: Dekan Stomatolo\u0161kog fakulteta u Sarajevu Muhamed Ajanovi\u0107 ide u pritvor, Dalili Hakalovi\u0107 mjere zabrane<\/p>\n<p><a href=\"https:\/\/www.fokus.ba\/vijesti\/bih\/opcinski-sud-donio-odluku-muhamed-ajanovic-ide-u-pritvor-dalila-hakalovic-dobila-mjere-zabrane\/3516887\/\">Fokus.ba <\/a><\/p>\n","protected":false},"excerpt":{"rendered":"<p>Sud donio odluku: Dekan Stomatolo\u0161kog fakulteta u Sarajevu Muhamed Ajanovi\u0107 ide u pritvor, Dalili Hakalovi\u0107 mjere zabrane Fokus.ba<\/p>\n","protected":false},"author":1,"featured_media":31078,"comment_status":"open","ping_status":"open","sticky":false,"template":"","format":"standard","meta":{"_siteseo_robots_primary_cat":"","footnotes":""},"categories":[],"tags":[],"class_list":["post-31085","post","type-post","status-publish","format-standard","has-post-thumbnail"],"_links":{"self":[{"href":"https:\/\/modusportal.ba\/mojevijesti\/wp-json\/wp\/v2\/posts\/31085","targetHints":{"allow":["GET"]}}],"collection":[{"href":"https:\/\/modusportal.ba\/mojevijesti\/wp-json\/wp\/v2\/posts"}],"about":[{"href":"https:\/\/modusportal.ba\/mojevijesti\/wp-json\/wp\/v2\/types\/post"}],"author":[{"embeddable":true,"href":"https:\/\/modusportal.ba\/mojevijesti\/wp-json\/wp\/v2\/users\/1"}],"replies":[{"embeddable":true,"href":"https:\/\/modusportal.ba\/mojevijesti\/wp-json\/wp\/v2\/comments?post=31085"}],"version-history":[{"count":0,"href":"https:\/\/modusportal.ba\/mojevijesti\/wp-json\/wp\/v2\/posts\/31085\/revisions"}],"wp:featuredmedia":[{"embeddable":true,"href":"https:\/\/modusportal.ba\/mojevijesti\/wp-json\/wp\/v2\/media\/31078"}],"wp:attachment":[{"href":"https:\/\/modusportal.ba\/mojevijesti\/wp-json\/wp\/v2\/media?parent=31085"}],"wp:term":[{"taxonomy":"category","embeddable":true,"href":"https:\/\/modusportal.ba\/mojevijesti\/wp-json\/wp\/v2\/categories?post=31085"},{"taxonomy":"post_tag","embeddable":true,"href":"https:\/\/modusportal.ba\/mojevijesti\/wp-json\/wp\/v2\/tags?post=31085"}],"curies":[{"name":"wp","href":"https:\/\/api.w.org\/{rel}","templated":true}]}}