{"id":31088,"date":"2025-12-28T21:25:42","date_gmt":"2025-12-28T21:25:42","guid":{"rendered":"https:\/\/modusportal.ba\/mojevijesti\/2025\/12\/28\/nedim-sladic-objavio-kakvo-nas-vrijeme-ocekuje-za-novu-godinu\/"},"modified":"2025-12-28T21:25:42","modified_gmt":"2025-12-28T21:25:42","slug":"nedim-sladic-objavio-kakvo-nas-vrijeme-ocekuje-za-novu-godinu","status":"publish","type":"post","link":"https:\/\/modusportal.ba\/mojevijesti\/2025\/12\/28\/nedim-sladic-objavio-kakvo-nas-vrijeme-ocekuje-za-novu-godinu\/","title":{"rendered":"Nedim Sladi\u0107 objavio kakvo nas vrijeme o\u010dekuje za Novu godinu"},"content":{"rendered":"<p><\/p>\n<p><img loading=\"lazy\" decoding=\"async\" loading=\"lazy\" width=\"1024\" height=\"538\" src=\"https:\/\/cdn.fokus.ba\/wp-content\/uploads\/2024\/05\/nedim-sladic-1024x538.webp\" class=\"attachment-large size-large wp-post-image\" alt=\"nedim sladi\u0107\"><\/p>\n<p>&#8220;U novogodi\u0161njoj no\u0107i uglavnom hladno i suho, uz temperature zraka uglavnom od minus \u0161est do minus dva&#8221;, napisao je Sladi\u0107<\/p>\n<p><a href=\"https:\/\/www.fokus.ba\/vijesti\/bih\/nedim-sladic-objavio-kakvo-nas-vrijeme-ocekuje-za-novu-godinu\/3516974\/\">Fokus.ba <\/a><\/p>\n","protected":false},"excerpt":{"rendered":"<p>&#8220;U novogodi\u0161njoj no\u0107i uglavnom hladno i suho, uz temperature zraka uglavnom od minus \u0161est do minus dva&#8221;, napisao je Sladi\u0107 Fokus.ba<\/p>\n","protected":false},"author":1,"featured_media":30998,"comment_status":"open","ping_status":"open","sticky":false,"template":"","format":"standard","meta":{"_siteseo_robots_primary_cat":"","footnotes":""},"categories":[],"tags":[],"class_list":["post-31088","post","type-post","status-publish","format-standard","has-post-thumbnail"],"_links":{"self":[{"href":"https:\/\/modusportal.ba\/mojevijesti\/wp-json\/wp\/v2\/posts\/31088","targetHints":{"allow":["GET"]}}],"collection":[{"href":"https:\/\/modusportal.ba\/mojevijesti\/wp-json\/wp\/v2\/posts"}],"about":[{"href":"https:\/\/modusportal.ba\/mojevijesti\/wp-json\/wp\/v2\/types\/post"}],"author":[{"embeddable":true,"href":"https:\/\/modusportal.ba\/mojevijesti\/wp-json\/wp\/v2\/users\/1"}],"replies":[{"embeddable":true,"href":"https:\/\/modusportal.ba\/mojevijesti\/wp-json\/wp\/v2\/comments?post=31088"}],"version-history":[{"count":0,"href":"https:\/\/modusportal.ba\/mojevijesti\/wp-json\/wp\/v2\/posts\/31088\/revisions"}],"wp:featuredmedia":[{"embeddable":true,"href":"https:\/\/modusportal.ba\/mojevijesti\/wp-json\/wp\/v2\/media\/30998"}],"wp:attachment":[{"href":"https:\/\/modusportal.ba\/mojevijesti\/wp-json\/wp\/v2\/media?parent=31088"}],"wp:term":[{"taxonomy":"category","embeddable":true,"href":"https:\/\/modusportal.ba\/mojevijesti\/wp-json\/wp\/v2\/categories?post=31088"},{"taxonomy":"post_tag","embeddable":true,"href":"https:\/\/modusportal.ba\/mojevijesti\/wp-json\/wp\/v2\/tags?post=31088"}],"curies":[{"name":"wp","href":"https:\/\/api.w.org\/{rel}","templated":true}]}}