{"id":31093,"date":"2025-12-29T21:35:42","date_gmt":"2025-12-29T21:35:42","guid":{"rendered":"https:\/\/modusportal.ba\/mojevijesti\/2025\/12\/29\/novogodisnja-noc-bez-snijega-a-onda-temperaturni-sok\/"},"modified":"2025-12-29T21:35:42","modified_gmt":"2025-12-29T21:35:42","slug":"novogodisnja-noc-bez-snijega-a-onda-temperaturni-sok","status":"publish","type":"post","link":"https:\/\/modusportal.ba\/mojevijesti\/2025\/12\/29\/novogodisnja-noc-bez-snijega-a-onda-temperaturni-sok\/","title":{"rendered":"Novogodi\u0161nja no\u0107 bez snijega, a onda temperaturni \u0161ok"},"content":{"rendered":"<p><\/p>\n<p><img loading=\"lazy\" decoding=\"async\" loading=\"lazy\" width=\"1024\" height=\"538\" src=\"https:\/\/cdn.fokus.ba\/wp-content\/uploads\/2025\/12\/vijecnica-most-1024x538.jpg\" class=\"attachment-large size-large wp-post-image\" alt=\"\"><\/p>\n<p>U srijedu uve\u010der, odnosno u novogodi\u0161njoj no\u0107i, mogu\u0107e umjeren i prolazan porast obla\u010dnosti sa sjevera, koji ne bi donio padavine<\/p>\n<p><a href=\"https:\/\/www.fokus.ba\/vijesti\/bih\/novogodisnja-noc-bez-snijega-a-onda-temperaturni-sok\/3517185\/\">Fokus.ba <\/a><\/p>\n","protected":false},"excerpt":{"rendered":"<p>U srijedu uve\u010der, odnosno u novogodi\u0161njoj no\u0107i, mogu\u0107e umjeren i prolazan porast obla\u010dnosti sa sjevera, koji ne bi donio padavine Fokus.ba<\/p>\n","protected":false},"author":1,"featured_media":31094,"comment_status":"open","ping_status":"open","sticky":false,"template":"","format":"standard","meta":{"_siteseo_robots_primary_cat":"","footnotes":""},"categories":[],"tags":[],"class_list":["post-31093","post","type-post","status-publish","format-standard","has-post-thumbnail"],"_links":{"self":[{"href":"https:\/\/modusportal.ba\/mojevijesti\/wp-json\/wp\/v2\/posts\/31093","targetHints":{"allow":["GET"]}}],"collection":[{"href":"https:\/\/modusportal.ba\/mojevijesti\/wp-json\/wp\/v2\/posts"}],"about":[{"href":"https:\/\/modusportal.ba\/mojevijesti\/wp-json\/wp\/v2\/types\/post"}],"author":[{"embeddable":true,"href":"https:\/\/modusportal.ba\/mojevijesti\/wp-json\/wp\/v2\/users\/1"}],"replies":[{"embeddable":true,"href":"https:\/\/modusportal.ba\/mojevijesti\/wp-json\/wp\/v2\/comments?post=31093"}],"version-history":[{"count":0,"href":"https:\/\/modusportal.ba\/mojevijesti\/wp-json\/wp\/v2\/posts\/31093\/revisions"}],"wp:featuredmedia":[{"embeddable":true,"href":"https:\/\/modusportal.ba\/mojevijesti\/wp-json\/wp\/v2\/media\/31094"}],"wp:attachment":[{"href":"https:\/\/modusportal.ba\/mojevijesti\/wp-json\/wp\/v2\/media?parent=31093"}],"wp:term":[{"taxonomy":"category","embeddable":true,"href":"https:\/\/modusportal.ba\/mojevijesti\/wp-json\/wp\/v2\/categories?post=31093"},{"taxonomy":"post_tag","embeddable":true,"href":"https:\/\/modusportal.ba\/mojevijesti\/wp-json\/wp\/v2\/tags?post=31093"}],"curies":[{"name":"wp","href":"https:\/\/api.w.org\/{rel}","templated":true}]}}