{"id":31097,"date":"2025-12-30T09:41:12","date_gmt":"2025-12-30T09:41:12","guid":{"rendered":"https:\/\/modusportal.ba\/mojevijesti\/2025\/12\/30\/kako-je-u-vijecu-ministara-bih-samo-jedan-ministar-poobarao-skoro-sve-odluke\/"},"modified":"2025-12-30T09:41:12","modified_gmt":"2025-12-30T09:41:12","slug":"kako-je-u-vijecu-ministara-bih-samo-jedan-ministar-poobarao-skoro-sve-odluke","status":"publish","type":"post","link":"https:\/\/modusportal.ba\/mojevijesti\/2025\/12\/30\/kako-je-u-vijecu-ministara-bih-samo-jedan-ministar-poobarao-skoro-sve-odluke\/","title":{"rendered":"Kako je u Vije\u0107u ministara BiH samo jedan ministar poobarao skoro sve odluke"},"content":{"rendered":"<p><\/p>\n<p><img loading=\"lazy\" decoding=\"async\" loading=\"lazy\" width=\"1024\" height=\"538\" src=\"https:\/\/cdn.fokus.ba\/wp-content\/uploads\/2025\/12\/vijece-ministara-2-1024x538.webp\" class=\"attachment-large size-large wp-post-image\" alt=\"Foto: Vije\u0107e ministara BiH\"><\/p>\n<p>Donosimo ud\u017ebeni\u010dki primjer blokade dr\u017eave: Dovoljno je da samo jedna individua ne bude dovoljno naspavana ili da se poka\u017ee kao &#8220;vojnik entiteta&#8221;<\/p>\n<p><a href=\"https:\/\/www.fokus.ba\/vijesti\/bih\/kako-je-u-vijecu-ministara-bih-samo-jedan-ministar-poobarao-skoro-sve-odluke\/3517257\/\">Fokus.ba <\/a><\/p>\n","protected":false},"excerpt":{"rendered":"<p>Donosimo ud\u017ebeni\u010dki primjer blokade dr\u017eave: Dovoljno je da samo jedna individua ne bude dovoljno naspavana ili da se poka\u017ee kao &#8220;vojnik entiteta&#8221; Fokus.ba<\/p>\n","protected":false},"author":1,"featured_media":31098,"comment_status":"open","ping_status":"open","sticky":false,"template":"","format":"standard","meta":{"_siteseo_robots_primary_cat":"","footnotes":""},"categories":[],"tags":[],"class_list":["post-31097","post","type-post","status-publish","format-standard","has-post-thumbnail"],"_links":{"self":[{"href":"https:\/\/modusportal.ba\/mojevijesti\/wp-json\/wp\/v2\/posts\/31097","targetHints":{"allow":["GET"]}}],"collection":[{"href":"https:\/\/modusportal.ba\/mojevijesti\/wp-json\/wp\/v2\/posts"}],"about":[{"href":"https:\/\/modusportal.ba\/mojevijesti\/wp-json\/wp\/v2\/types\/post"}],"author":[{"embeddable":true,"href":"https:\/\/modusportal.ba\/mojevijesti\/wp-json\/wp\/v2\/users\/1"}],"replies":[{"embeddable":true,"href":"https:\/\/modusportal.ba\/mojevijesti\/wp-json\/wp\/v2\/comments?post=31097"}],"version-history":[{"count":0,"href":"https:\/\/modusportal.ba\/mojevijesti\/wp-json\/wp\/v2\/posts\/31097\/revisions"}],"wp:featuredmedia":[{"embeddable":true,"href":"https:\/\/modusportal.ba\/mojevijesti\/wp-json\/wp\/v2\/media\/31098"}],"wp:attachment":[{"href":"https:\/\/modusportal.ba\/mojevijesti\/wp-json\/wp\/v2\/media?parent=31097"}],"wp:term":[{"taxonomy":"category","embeddable":true,"href":"https:\/\/modusportal.ba\/mojevijesti\/wp-json\/wp\/v2\/categories?post=31097"},{"taxonomy":"post_tag","embeddable":true,"href":"https:\/\/modusportal.ba\/mojevijesti\/wp-json\/wp\/v2\/tags?post=31097"}],"curies":[{"name":"wp","href":"https:\/\/api.w.org\/{rel}","templated":true}]}}