{"id":31122,"date":"2026-01-02T16:40:53","date_gmt":"2026-01-02T16:40:53","guid":{"rendered":"https:\/\/modusportal.ba\/mojevijesti\/2026\/01\/02\/u-bih-najavljen-prvi-obilniji-ovogodisnji-snijeg-evo-gdje-se-ocekuje-da-ce-ga-biti-do-pola-metra\/"},"modified":"2026-01-02T16:40:53","modified_gmt":"2026-01-02T16:40:53","slug":"u-bih-najavljen-prvi-obilniji-ovogodisnji-snijeg-evo-gdje-se-ocekuje-da-ce-ga-biti-do-pola-metra","status":"publish","type":"post","link":"https:\/\/modusportal.ba\/mojevijesti\/2026\/01\/02\/u-bih-najavljen-prvi-obilniji-ovogodisnji-snijeg-evo-gdje-se-ocekuje-da-ce-ga-biti-do-pola-metra\/","title":{"rendered":"U BiH najavljen prvi obilniji ovogodi\u0161nji snijeg, evo gdje se o\u010dekuje da \u0107e ga biti do pola metra"},"content":{"rendered":"<p><\/p>\n<p><img loading=\"lazy\" decoding=\"async\" loading=\"lazy\" width=\"1024\" height=\"538\" src=\"https:\/\/cdn.fokus.ba\/wp-content\/uploads\/2026\/01\/snijeg-1024x538.webp\" class=\"attachment-large size-large wp-post-image\" alt=\"snijeg\"><\/p>\n<p>Ve\u010deras, a glavninom u no\u0107i na subotu, padavine \u0107e zahvatiti sjeverne krajeve na\u0161e zemlje<\/p>\n<p><a href=\"https:\/\/www.fokus.ba\/vijesti\/bih\/u-bih-najavljen-prvi-obilniji-ovogodisnji-snijeg-evo-gdje-se-ocekuje-da-ce-ga-biti-do-pola-metra\/3517860\/\">Fokus.ba <\/a><\/p>\n","protected":false},"excerpt":{"rendered":"<p>Ve\u010deras, a glavninom u no\u0107i na subotu, padavine \u0107e zahvatiti sjeverne krajeve na\u0161e zemlje Fokus.ba<\/p>\n","protected":false},"author":1,"featured_media":31123,"comment_status":"open","ping_status":"open","sticky":false,"template":"","format":"standard","meta":{"_siteseo_robots_primary_cat":"","footnotes":""},"categories":[],"tags":[],"class_list":["post-31122","post","type-post","status-publish","format-standard","has-post-thumbnail"],"_links":{"self":[{"href":"https:\/\/modusportal.ba\/mojevijesti\/wp-json\/wp\/v2\/posts\/31122","targetHints":{"allow":["GET"]}}],"collection":[{"href":"https:\/\/modusportal.ba\/mojevijesti\/wp-json\/wp\/v2\/posts"}],"about":[{"href":"https:\/\/modusportal.ba\/mojevijesti\/wp-json\/wp\/v2\/types\/post"}],"author":[{"embeddable":true,"href":"https:\/\/modusportal.ba\/mojevijesti\/wp-json\/wp\/v2\/users\/1"}],"replies":[{"embeddable":true,"href":"https:\/\/modusportal.ba\/mojevijesti\/wp-json\/wp\/v2\/comments?post=31122"}],"version-history":[{"count":0,"href":"https:\/\/modusportal.ba\/mojevijesti\/wp-json\/wp\/v2\/posts\/31122\/revisions"}],"wp:featuredmedia":[{"embeddable":true,"href":"https:\/\/modusportal.ba\/mojevijesti\/wp-json\/wp\/v2\/media\/31123"}],"wp:attachment":[{"href":"https:\/\/modusportal.ba\/mojevijesti\/wp-json\/wp\/v2\/media?parent=31122"}],"wp:term":[{"taxonomy":"category","embeddable":true,"href":"https:\/\/modusportal.ba\/mojevijesti\/wp-json\/wp\/v2\/categories?post=31122"},{"taxonomy":"post_tag","embeddable":true,"href":"https:\/\/modusportal.ba\/mojevijesti\/wp-json\/wp\/v2\/tags?post=31122"}],"curies":[{"name":"wp","href":"https:\/\/api.w.org\/{rel}","templated":true}]}}