{"id":31124,"date":"2026-01-02T22:41:35","date_gmt":"2026-01-02T22:41:35","guid":{"rendered":"https:\/\/modusportal.ba\/mojevijesti\/2026\/01\/02\/oglasio-se-ambasador-bih-u-svicarskoj\/"},"modified":"2026-01-02T22:41:35","modified_gmt":"2026-01-02T22:41:35","slug":"oglasio-se-ambasador-bih-u-svicarskoj","status":"publish","type":"post","link":"https:\/\/modusportal.ba\/mojevijesti\/2026\/01\/02\/oglasio-se-ambasador-bih-u-svicarskoj\/","title":{"rendered":"Oglasio se ambasador BiH u \u0160vicarskoj"},"content":{"rendered":"<p><\/p>\n<p><img loading=\"lazy\" decoding=\"async\" loading=\"lazy\" width=\"1024\" height=\"538\" src=\"https:\/\/cdn.fokus.ba\/wp-content\/uploads\/2026\/01\/boro-bronza-1024x538.webp\" class=\"attachment-large size-large wp-post-image\" alt=\"Ambasador Boro Bronza na prijemu kod predsjednice \u0160vicarske Konfederacije Viole Amherd\"><\/p>\n<p>Ambasador Bosne i Hercegovine u \u0160vicarskoj Boro Bronza ka\u017ee da jo\u0161 uvijek ne objavljuju informacije o identitetu povrije\u0111enih osoba<\/p>\n<p><a href=\"https:\/\/www.fokus.ba\/vijesti\/bih\/oglasio-se-ambasador-bih-u-svicarskoj\/3517919\/\">Fokus.ba <\/a><\/p>\n","protected":false},"excerpt":{"rendered":"<p>Ambasador Bosne i Hercegovine u \u0160vicarskoj Boro Bronza ka\u017ee da jo\u0161 uvijek ne objavljuju informacije o identitetu povrije\u0111enih osoba Fokus.ba<\/p>\n","protected":false},"author":1,"featured_media":31125,"comment_status":"open","ping_status":"open","sticky":false,"template":"","format":"standard","meta":{"_siteseo_robots_primary_cat":"","footnotes":""},"categories":[],"tags":[],"class_list":["post-31124","post","type-post","status-publish","format-standard","has-post-thumbnail"],"_links":{"self":[{"href":"https:\/\/modusportal.ba\/mojevijesti\/wp-json\/wp\/v2\/posts\/31124","targetHints":{"allow":["GET"]}}],"collection":[{"href":"https:\/\/modusportal.ba\/mojevijesti\/wp-json\/wp\/v2\/posts"}],"about":[{"href":"https:\/\/modusportal.ba\/mojevijesti\/wp-json\/wp\/v2\/types\/post"}],"author":[{"embeddable":true,"href":"https:\/\/modusportal.ba\/mojevijesti\/wp-json\/wp\/v2\/users\/1"}],"replies":[{"embeddable":true,"href":"https:\/\/modusportal.ba\/mojevijesti\/wp-json\/wp\/v2\/comments?post=31124"}],"version-history":[{"count":0,"href":"https:\/\/modusportal.ba\/mojevijesti\/wp-json\/wp\/v2\/posts\/31124\/revisions"}],"wp:featuredmedia":[{"embeddable":true,"href":"https:\/\/modusportal.ba\/mojevijesti\/wp-json\/wp\/v2\/media\/31125"}],"wp:attachment":[{"href":"https:\/\/modusportal.ba\/mojevijesti\/wp-json\/wp\/v2\/media?parent=31124"}],"wp:term":[{"taxonomy":"category","embeddable":true,"href":"https:\/\/modusportal.ba\/mojevijesti\/wp-json\/wp\/v2\/categories?post=31124"},{"taxonomy":"post_tag","embeddable":true,"href":"https:\/\/modusportal.ba\/mojevijesti\/wp-json\/wp\/v2\/tags?post=31124"}],"curies":[{"name":"wp","href":"https:\/\/api.w.org\/{rel}","templated":true}]}}