{"id":31156,"date":"2026-01-07T06:29:42","date_gmt":"2026-01-07T06:29:42","guid":{"rendered":"https:\/\/modusportal.ba\/mojevijesti\/2026\/01\/07\/pravoslavni-vjernici-danas-obiljezavaju-bozic-najradosniji-hriscanski-praznik\/"},"modified":"2026-01-07T06:29:42","modified_gmt":"2026-01-07T06:29:42","slug":"pravoslavni-vjernici-danas-obiljezavaju-bozic-najradosniji-hriscanski-praznik","status":"publish","type":"post","link":"https:\/\/modusportal.ba\/mojevijesti\/2026\/01\/07\/pravoslavni-vjernici-danas-obiljezavaju-bozic-najradosniji-hriscanski-praznik\/","title":{"rendered":"Pravoslavni vjernici danas obilje\u017eavaju Bo\u017ei\u0107, najradosniji hri\u0161\u0107anski praznik"},"content":{"rendered":"<p><\/p>\n<p><img loading=\"lazy\" decoding=\"async\" loading=\"lazy\" width=\"1024\" height=\"538\" src=\"https:\/\/cdn.fokus.ba\/wp-content\/uploads\/2026\/01\/bozic-1024x538.webp\" class=\"attachment-large size-large wp-post-image\" alt=\"Pravoslavni vjernici danas obilje\u017eavaju Bo\u017ei\u0107\"><\/p>\n<p>Bo\u017ei\u0107 je praznik sa dosta obi\u010daja i njegova proslava po\u010dinje odlaskom na jutarnju liturgiju, na kojoj vjernici koji su postili Bo\u017ei\u0107ni post pristupaju Svetoj tajni pri\u010de\u0161\u0107a<\/p>\n<p><a href=\"https:\/\/www.fokus.ba\/vijesti\/bih\/pravoslavni-vjernici-danas-obiljezavaju-bozic-najradosniji-hriscanski-praznik\/3518688\/\">Fokus.ba <\/a><\/p>\n","protected":false},"excerpt":{"rendered":"<p>Bo\u017ei\u0107 je praznik sa dosta obi\u010daja i njegova proslava po\u010dinje odlaskom na jutarnju liturgiju, na kojoj vjernici koji su postili Bo\u017ei\u0107ni post pristupaju Svetoj tajni pri\u010de\u0161\u0107a Fokus.ba<\/p>\n","protected":false},"author":1,"featured_media":31157,"comment_status":"open","ping_status":"open","sticky":false,"template":"","format":"standard","meta":{"_siteseo_robots_primary_cat":"","footnotes":""},"categories":[],"tags":[],"class_list":["post-31156","post","type-post","status-publish","format-standard","has-post-thumbnail"],"_links":{"self":[{"href":"https:\/\/modusportal.ba\/mojevijesti\/wp-json\/wp\/v2\/posts\/31156","targetHints":{"allow":["GET"]}}],"collection":[{"href":"https:\/\/modusportal.ba\/mojevijesti\/wp-json\/wp\/v2\/posts"}],"about":[{"href":"https:\/\/modusportal.ba\/mojevijesti\/wp-json\/wp\/v2\/types\/post"}],"author":[{"embeddable":true,"href":"https:\/\/modusportal.ba\/mojevijesti\/wp-json\/wp\/v2\/users\/1"}],"replies":[{"embeddable":true,"href":"https:\/\/modusportal.ba\/mojevijesti\/wp-json\/wp\/v2\/comments?post=31156"}],"version-history":[{"count":0,"href":"https:\/\/modusportal.ba\/mojevijesti\/wp-json\/wp\/v2\/posts\/31156\/revisions"}],"wp:featuredmedia":[{"embeddable":true,"href":"https:\/\/modusportal.ba\/mojevijesti\/wp-json\/wp\/v2\/media\/31157"}],"wp:attachment":[{"href":"https:\/\/modusportal.ba\/mojevijesti\/wp-json\/wp\/v2\/media?parent=31156"}],"wp:term":[{"taxonomy":"category","embeddable":true,"href":"https:\/\/modusportal.ba\/mojevijesti\/wp-json\/wp\/v2\/categories?post=31156"},{"taxonomy":"post_tag","embeddable":true,"href":"https:\/\/modusportal.ba\/mojevijesti\/wp-json\/wp\/v2\/tags?post=31156"}],"curies":[{"name":"wp","href":"https:\/\/api.w.org\/{rel}","templated":true}]}}