{"id":31162,"date":"2026-01-08T00:38:49","date_gmt":"2026-01-08T00:38:49","guid":{"rendered":"https:\/\/modusportal.ba\/mojevijesti\/2026\/01\/08\/vizna-politika-bih-pod-lupom-brisela-koliko-jos-ima-prostora-za-ignorisanje-eu-zahtjeva\/"},"modified":"2026-01-08T00:38:49","modified_gmt":"2026-01-08T00:38:49","slug":"vizna-politika-bih-pod-lupom-brisela-koliko-jos-ima-prostora-za-ignorisanje-eu-zahtjeva","status":"publish","type":"post","link":"https:\/\/modusportal.ba\/mojevijesti\/2026\/01\/08\/vizna-politika-bih-pod-lupom-brisela-koliko-jos-ima-prostora-za-ignorisanje-eu-zahtjeva\/","title":{"rendered":"Vizna politika BiH pod lupom Brisela: Koliko jo\u0161 ima prostora za ignorisanje EU zahtjeva"},"content":{"rendered":"<p><\/p>\n<p><img loading=\"lazy\" decoding=\"async\" loading=\"lazy\" width=\"1024\" height=\"538\" src=\"https:\/\/cdn.fokus.ba\/wp-content\/uploads\/2024\/12\/aerodrom-sarajevo-1-1024x538.jpg\" class=\"attachment-large size-large wp-post-image\" alt=\"aerodrom sarajevo\"><\/p>\n<p>BiH se na\u0161la pod poja\u010danim nadzorom Evropske unije zbog neuskla\u0111ene vizne politike, koju Brisel sve otvorenije ozna\u010dava kao sigurnosni i migracijski rizik<\/p>\n<p><a href=\"https:\/\/www.fokus.ba\/vijesti\/bih\/vizna-politika-bih-pod-lupom-brisela-koliko-jos-ima-prostora-za-ignorisanje-eu-zahtjeva\/3518955\/\">Fokus.ba <\/a><\/p>\n","protected":false},"excerpt":{"rendered":"<p>BiH se na\u0161la pod poja\u010danim nadzorom Evropske unije zbog neuskla\u0111ene vizne politike, koju Brisel sve otvorenije ozna\u010dava kao sigurnosni i migracijski rizik Fokus.ba<\/p>\n","protected":false},"author":1,"featured_media":31163,"comment_status":"open","ping_status":"open","sticky":false,"template":"","format":"standard","meta":{"_siteseo_robots_primary_cat":"","footnotes":""},"categories":[],"tags":[],"class_list":["post-31162","post","type-post","status-publish","format-standard","has-post-thumbnail"],"_links":{"self":[{"href":"https:\/\/modusportal.ba\/mojevijesti\/wp-json\/wp\/v2\/posts\/31162","targetHints":{"allow":["GET"]}}],"collection":[{"href":"https:\/\/modusportal.ba\/mojevijesti\/wp-json\/wp\/v2\/posts"}],"about":[{"href":"https:\/\/modusportal.ba\/mojevijesti\/wp-json\/wp\/v2\/types\/post"}],"author":[{"embeddable":true,"href":"https:\/\/modusportal.ba\/mojevijesti\/wp-json\/wp\/v2\/users\/1"}],"replies":[{"embeddable":true,"href":"https:\/\/modusportal.ba\/mojevijesti\/wp-json\/wp\/v2\/comments?post=31162"}],"version-history":[{"count":0,"href":"https:\/\/modusportal.ba\/mojevijesti\/wp-json\/wp\/v2\/posts\/31162\/revisions"}],"wp:featuredmedia":[{"embeddable":true,"href":"https:\/\/modusportal.ba\/mojevijesti\/wp-json\/wp\/v2\/media\/31163"}],"wp:attachment":[{"href":"https:\/\/modusportal.ba\/mojevijesti\/wp-json\/wp\/v2\/media?parent=31162"}],"wp:term":[{"taxonomy":"category","embeddable":true,"href":"https:\/\/modusportal.ba\/mojevijesti\/wp-json\/wp\/v2\/categories?post=31162"},{"taxonomy":"post_tag","embeddable":true,"href":"https:\/\/modusportal.ba\/mojevijesti\/wp-json\/wp\/v2\/tags?post=31162"}],"curies":[{"name":"wp","href":"https:\/\/api.w.org\/{rel}","templated":true}]}}