{"id":31164,"date":"2026-01-08T06:49:39","date_gmt":"2026-01-08T06:49:39","guid":{"rendered":"https:\/\/modusportal.ba\/mojevijesti\/2026\/01\/08\/narandzasti-meteoalarm-od-danas-na-snazi-ocekuju-nas-ekstremno-niske-temperature\/"},"modified":"2026-01-08T06:49:39","modified_gmt":"2026-01-08T06:49:39","slug":"narandzasti-meteoalarm-od-danas-na-snazi-ocekuju-nas-ekstremno-niske-temperature","status":"publish","type":"post","link":"https:\/\/modusportal.ba\/mojevijesti\/2026\/01\/08\/narandzasti-meteoalarm-od-danas-na-snazi-ocekuju-nas-ekstremno-niske-temperature\/","title":{"rendered":"Narand\u017easti meteoalarm od danas na snazi: O\u010dekuju nas ekstremno niske temperature"},"content":{"rendered":"<p><\/p>\n<p><img loading=\"lazy\" decoding=\"async\" loading=\"lazy\" width=\"1024\" height=\"538\" src=\"https:\/\/cdn.fokus.ba\/wp-content\/uploads\/2026\/01\/snijeg-hladnoca-1024x538.jpg\" class=\"attachment-large size-large wp-post-image\" alt=\"snijeg hladno\u0107a\"><\/p>\n<p>Osmog januara niske temperature zahvatit \u0107e podru\u010dje Krajine, dok se 9. januara mraz o\u010dekuje u centralnim, isto\u010dnim i sjevernim krajevima Bosne<\/p>\n<p><a href=\"https:\/\/www.fokus.ba\/vijesti\/bih\/narandzasti-meteoalarm-od-danas-na-snazi-ocekuju-nas-ekstremno-niske-temperature\/3518963\/\">Fokus.ba <\/a><\/p>\n","protected":false},"excerpt":{"rendered":"<p>Osmog januara niske temperature zahvatit \u0107e podru\u010dje Krajine, dok se 9. januara mraz o\u010dekuje u centralnim, isto\u010dnim i sjevernim krajevima Bosne Fokus.ba<\/p>\n","protected":false},"author":1,"featured_media":31165,"comment_status":"open","ping_status":"open","sticky":false,"template":"","format":"standard","meta":{"_siteseo_robots_primary_cat":"","footnotes":""},"categories":[],"tags":[],"class_list":["post-31164","post","type-post","status-publish","format-standard","has-post-thumbnail"],"_links":{"self":[{"href":"https:\/\/modusportal.ba\/mojevijesti\/wp-json\/wp\/v2\/posts\/31164","targetHints":{"allow":["GET"]}}],"collection":[{"href":"https:\/\/modusportal.ba\/mojevijesti\/wp-json\/wp\/v2\/posts"}],"about":[{"href":"https:\/\/modusportal.ba\/mojevijesti\/wp-json\/wp\/v2\/types\/post"}],"author":[{"embeddable":true,"href":"https:\/\/modusportal.ba\/mojevijesti\/wp-json\/wp\/v2\/users\/1"}],"replies":[{"embeddable":true,"href":"https:\/\/modusportal.ba\/mojevijesti\/wp-json\/wp\/v2\/comments?post=31164"}],"version-history":[{"count":0,"href":"https:\/\/modusportal.ba\/mojevijesti\/wp-json\/wp\/v2\/posts\/31164\/revisions"}],"wp:featuredmedia":[{"embeddable":true,"href":"https:\/\/modusportal.ba\/mojevijesti\/wp-json\/wp\/v2\/media\/31165"}],"wp:attachment":[{"href":"https:\/\/modusportal.ba\/mojevijesti\/wp-json\/wp\/v2\/media?parent=31164"}],"wp:term":[{"taxonomy":"category","embeddable":true,"href":"https:\/\/modusportal.ba\/mojevijesti\/wp-json\/wp\/v2\/categories?post=31164"},{"taxonomy":"post_tag","embeddable":true,"href":"https:\/\/modusportal.ba\/mojevijesti\/wp-json\/wp\/v2\/tags?post=31164"}],"curies":[{"name":"wp","href":"https:\/\/api.w.org\/{rel}","templated":true}]}}