{"id":31174,"date":"2026-01-09T12:59:34","date_gmt":"2026-01-09T12:59:34","guid":{"rendered":"https:\/\/modusportal.ba\/mojevijesti\/2026\/01\/09\/narandzasto-upozorenje-za-centralna-istocna-i-sjeverna-podrucja-bosne\/"},"modified":"2026-01-09T12:59:34","modified_gmt":"2026-01-09T12:59:34","slug":"narandzasto-upozorenje-za-centralna-istocna-i-sjeverna-podrucja-bosne","status":"publish","type":"post","link":"https:\/\/modusportal.ba\/mojevijesti\/2026\/01\/09\/narandzasto-upozorenje-za-centralna-istocna-i-sjeverna-podrucja-bosne\/","title":{"rendered":"Narand\u017easto upozorenje za centralna, isto\u010dna i sjeverna podru\u010dja Bosne"},"content":{"rendered":"<p><\/p>\n<p><img loading=\"lazy\" decoding=\"async\" loading=\"lazy\" width=\"1024\" height=\"538\" src=\"https:\/\/cdn.fokus.ba\/wp-content\/uploads\/2026\/01\/snijeg-grbavica-1024x538.jpg\" class=\"attachment-large size-large wp-post-image\" alt=\"snijeg grbavica\"><\/p>\n<p>Snijeg i niske temperature u Federaciji BiH, bilje\u017ei se blagi porast vodostaja rijeka<\/p>\n<p><a href=\"https:\/\/www.fokus.ba\/vijesti\/bih\/narandzasto-upozorenje-za-centralna-istocna-i-sjeverna-podrucja-bosne\/3519208\/\">Fokus.ba <\/a><\/p>\n","protected":false},"excerpt":{"rendered":"<p>Snijeg i niske temperature u Federaciji BiH, bilje\u017ei se blagi porast vodostaja rijeka Fokus.ba<\/p>\n","protected":false},"author":1,"featured_media":31175,"comment_status":"open","ping_status":"open","sticky":false,"template":"","format":"standard","meta":{"_siteseo_robots_primary_cat":"","footnotes":""},"categories":[],"tags":[],"class_list":["post-31174","post","type-post","status-publish","format-standard","has-post-thumbnail"],"_links":{"self":[{"href":"https:\/\/modusportal.ba\/mojevijesti\/wp-json\/wp\/v2\/posts\/31174","targetHints":{"allow":["GET"]}}],"collection":[{"href":"https:\/\/modusportal.ba\/mojevijesti\/wp-json\/wp\/v2\/posts"}],"about":[{"href":"https:\/\/modusportal.ba\/mojevijesti\/wp-json\/wp\/v2\/types\/post"}],"author":[{"embeddable":true,"href":"https:\/\/modusportal.ba\/mojevijesti\/wp-json\/wp\/v2\/users\/1"}],"replies":[{"embeddable":true,"href":"https:\/\/modusportal.ba\/mojevijesti\/wp-json\/wp\/v2\/comments?post=31174"}],"version-history":[{"count":0,"href":"https:\/\/modusportal.ba\/mojevijesti\/wp-json\/wp\/v2\/posts\/31174\/revisions"}],"wp:featuredmedia":[{"embeddable":true,"href":"https:\/\/modusportal.ba\/mojevijesti\/wp-json\/wp\/v2\/media\/31175"}],"wp:attachment":[{"href":"https:\/\/modusportal.ba\/mojevijesti\/wp-json\/wp\/v2\/media?parent=31174"}],"wp:term":[{"taxonomy":"category","embeddable":true,"href":"https:\/\/modusportal.ba\/mojevijesti\/wp-json\/wp\/v2\/categories?post=31174"},{"taxonomy":"post_tag","embeddable":true,"href":"https:\/\/modusportal.ba\/mojevijesti\/wp-json\/wp\/v2\/tags?post=31174"}],"curies":[{"name":"wp","href":"https:\/\/api.w.org\/{rel}","templated":true}]}}