{"id":31176,"date":"2026-01-09T19:02:08","date_gmt":"2026-01-09T19:02:08","guid":{"rendered":"https:\/\/modusportal.ba\/mojevijesti\/2026\/01\/09\/helez-doslo-je-vrijeme-za-ozbiljnu-raspravu-o-ukidanju-entiteta-u-bih\/"},"modified":"2026-01-09T19:02:08","modified_gmt":"2026-01-09T19:02:08","slug":"helez-doslo-je-vrijeme-za-ozbiljnu-raspravu-o-ukidanju-entiteta-u-bih","status":"publish","type":"post","link":"https:\/\/modusportal.ba\/mojevijesti\/2026\/01\/09\/helez-doslo-je-vrijeme-za-ozbiljnu-raspravu-o-ukidanju-entiteta-u-bih\/","title":{"rendered":"Helez: Do\u0161lo je vrijeme za ozbiljnu raspravu o ukidanju entiteta u BiH"},"content":{"rendered":"<p><\/p>\n<p><img loading=\"lazy\" decoding=\"async\" loading=\"lazy\" width=\"1024\" height=\"538\" src=\"https:\/\/cdn.fokus.ba\/wp-content\/uploads\/2024\/07\/helez-1024x538.webp\" class=\"attachment-large size-large wp-post-image\" alt=\"zukan helez\"><\/p>\n<p>\u201cUvjeren sam da bi na\u0161a domovina bila pravednija, uspje\u0161nija i stabilnija dr\u017eava bez entitetskih podjela&#8221;, objavio je ministar odbrane Zukan Helez<\/p>\n<p><a href=\"https:\/\/www.fokus.ba\/vijesti\/bih\/helez-doslo-je-vrijeme-za-ozbiljnu-raspravu-o-ukidanju-entiteta-u-bih\/3519279\/\">Fokus.ba <\/a><\/p>\n","protected":false},"excerpt":{"rendered":"<p>\u201cUvjeren sam da bi na\u0161a domovina bila pravednija, uspje\u0161nija i stabilnija dr\u017eava bez entitetskih podjela&#8221;, objavio je ministar odbrane Zukan Helez Fokus.ba<\/p>\n","protected":false},"author":1,"featured_media":29973,"comment_status":"open","ping_status":"open","sticky":false,"template":"","format":"standard","meta":{"_siteseo_robots_primary_cat":"","footnotes":""},"categories":[],"tags":[],"class_list":["post-31176","post","type-post","status-publish","format-standard","has-post-thumbnail"],"_links":{"self":[{"href":"https:\/\/modusportal.ba\/mojevijesti\/wp-json\/wp\/v2\/posts\/31176","targetHints":{"allow":["GET"]}}],"collection":[{"href":"https:\/\/modusportal.ba\/mojevijesti\/wp-json\/wp\/v2\/posts"}],"about":[{"href":"https:\/\/modusportal.ba\/mojevijesti\/wp-json\/wp\/v2\/types\/post"}],"author":[{"embeddable":true,"href":"https:\/\/modusportal.ba\/mojevijesti\/wp-json\/wp\/v2\/users\/1"}],"replies":[{"embeddable":true,"href":"https:\/\/modusportal.ba\/mojevijesti\/wp-json\/wp\/v2\/comments?post=31176"}],"version-history":[{"count":0,"href":"https:\/\/modusportal.ba\/mojevijesti\/wp-json\/wp\/v2\/posts\/31176\/revisions"}],"wp:featuredmedia":[{"embeddable":true,"href":"https:\/\/modusportal.ba\/mojevijesti\/wp-json\/wp\/v2\/media\/29973"}],"wp:attachment":[{"href":"https:\/\/modusportal.ba\/mojevijesti\/wp-json\/wp\/v2\/media?parent=31176"}],"wp:term":[{"taxonomy":"category","embeddable":true,"href":"https:\/\/modusportal.ba\/mojevijesti\/wp-json\/wp\/v2\/categories?post=31176"},{"taxonomy":"post_tag","embeddable":true,"href":"https:\/\/modusportal.ba\/mojevijesti\/wp-json\/wp\/v2\/tags?post=31176"}],"curies":[{"name":"wp","href":"https:\/\/api.w.org\/{rel}","templated":true}]}}