{"id":31183,"date":"2026-01-10T19:09:43","date_gmt":"2026-01-10T19:09:43","guid":{"rendered":"https:\/\/modusportal.ba\/mojevijesti\/2026\/01\/10\/temperature-u-bih-cak-do-24-celzijusa-pa-dolazi-nagla-promjena\/"},"modified":"2026-01-10T19:09:43","modified_gmt":"2026-01-10T19:09:43","slug":"temperature-u-bih-cak-do-24-celzijusa-pa-dolazi-nagla-promjena","status":"publish","type":"post","link":"https:\/\/modusportal.ba\/mojevijesti\/2026\/01\/10\/temperature-u-bih-cak-do-24-celzijusa-pa-dolazi-nagla-promjena\/","title":{"rendered":"Temperature u BiH \u010dak do -24 Celzijusa, pa dolazi nagla promjena"},"content":{"rendered":"<p><\/p>\n<p><img loading=\"lazy\" decoding=\"async\" loading=\"lazy\" width=\"1024\" height=\"538\" src=\"https:\/\/cdn.fokus.ba\/wp-content\/uploads\/2024\/01\/hladno-zima-snijeg-1024x538.jpg\" class=\"attachment-large size-large wp-post-image\" alt=\"Prvi ovogodi\u0161nji snijeg zabijelio Vilsonovo \u0161etali\u0161te u Sarajevu\"><\/p>\n<p>U planinskim predjelima i mrazi\u0161tima mogu\u0107e su temperature i do minus 24 stepena<\/p>\n<p><a href=\"https:\/\/www.fokus.ba\/vijesti\/bih\/temperature-u-bih-cak-do-24-celzijusa-pa-dolazi-nagla-promjena\/3519428\/\">Fokus.ba <\/a><\/p>\n","protected":false},"excerpt":{"rendered":"<p>U planinskim predjelima i mrazi\u0161tima mogu\u0107e su temperature i do minus 24 stepena Fokus.ba<\/p>\n","protected":false},"author":1,"featured_media":0,"comment_status":"open","ping_status":"open","sticky":false,"template":"","format":"standard","meta":{"_siteseo_robots_primary_cat":"","footnotes":""},"categories":[],"tags":[],"class_list":["post-31183","post","type-post","status-publish","format-standard"],"_links":{"self":[{"href":"https:\/\/modusportal.ba\/mojevijesti\/wp-json\/wp\/v2\/posts\/31183","targetHints":{"allow":["GET"]}}],"collection":[{"href":"https:\/\/modusportal.ba\/mojevijesti\/wp-json\/wp\/v2\/posts"}],"about":[{"href":"https:\/\/modusportal.ba\/mojevijesti\/wp-json\/wp\/v2\/types\/post"}],"author":[{"embeddable":true,"href":"https:\/\/modusportal.ba\/mojevijesti\/wp-json\/wp\/v2\/users\/1"}],"replies":[{"embeddable":true,"href":"https:\/\/modusportal.ba\/mojevijesti\/wp-json\/wp\/v2\/comments?post=31183"}],"version-history":[{"count":0,"href":"https:\/\/modusportal.ba\/mojevijesti\/wp-json\/wp\/v2\/posts\/31183\/revisions"}],"wp:attachment":[{"href":"https:\/\/modusportal.ba\/mojevijesti\/wp-json\/wp\/v2\/media?parent=31183"}],"wp:term":[{"taxonomy":"category","embeddable":true,"href":"https:\/\/modusportal.ba\/mojevijesti\/wp-json\/wp\/v2\/categories?post=31183"},{"taxonomy":"post_tag","embeddable":true,"href":"https:\/\/modusportal.ba\/mojevijesti\/wp-json\/wp\/v2\/tags?post=31183"}],"curies":[{"name":"wp","href":"https:\/\/api.w.org\/{rel}","templated":true}]}}