{"id":31185,"date":"2026-01-11T01:12:10","date_gmt":"2026-01-11T01:12:10","guid":{"rendered":"https:\/\/modusportal.ba\/mojevijesti\/2026\/01\/11\/federalno-ministarstvo-podrzalo-izgradnju-aerodroma-u-bihacu-ima-jedna-kljucna-prepreka\/"},"modified":"2026-01-11T01:12:10","modified_gmt":"2026-01-11T01:12:10","slug":"federalno-ministarstvo-podrzalo-izgradnju-aerodroma-u-bihacu-ima-jedna-kljucna-prepreka","status":"publish","type":"post","link":"https:\/\/modusportal.ba\/mojevijesti\/2026\/01\/11\/federalno-ministarstvo-podrzalo-izgradnju-aerodroma-u-bihacu-ima-jedna-kljucna-prepreka\/","title":{"rendered":"Federalno ministarstvo podr\u017ealo izgradnju aerodroma u Biha\u0107u: Ima jedna klju\u010dna prepreka"},"content":{"rendered":"<p><\/p>\n<p><img loading=\"lazy\" decoding=\"async\" loading=\"lazy\" width=\"1024\" height=\"538\" src=\"https:\/\/cdn.fokus.ba\/wp-content\/uploads\/2026\/01\/bihac-aerodrom-federalno-ministarstvo-1024x538.jpg\" class=\"attachment-large size-large wp-post-image\" alt=\"bihac aerodrom federalno ministarstvo\"><\/p>\n<p>Projekat izgradnje biha\u0107kog aerodroma u\u0161ao je u odlu\u010duju\u0107u fazu nakon \u0161to je Grad Biha\u0107 osigurao na\u010delno odobrenje za gra\u0111enje prve etape, a izdavanje gra\u0111evinske dozvole o\u010dekuje se ve\u0107 u martu ove godine, potvr\u0111eno je tokom sastanka gradske delegacije s Federalnim ministarstvom prometa i komunikacija. Delegacija Grada Biha\u0107a, predvo\u0111ena gradona\u010delnikom Elvedinom Sedi\u0107em, posjetila je resorno ministarstvo [\u2026]<\/p>\n<p><a href=\"https:\/\/www.fokus.ba\/vijesti\/bih\/federalno-ministarstvo-podrzalo-izgradnju-aerodroma-u-bihacu-ima-jedna-kljucna-prepreka\/3519365\/\">Fokus.ba <\/a><\/p>\n","protected":false},"excerpt":{"rendered":"<p>Projekat izgradnje biha\u0107kog aerodroma u\u0161ao je u odlu\u010duju\u0107u fazu nakon \u0161to je Grad Biha\u0107 osigurao na\u010delno odobrenje za gra\u0111enje prve etape, a izdavanje gra\u0111evinske dozvole o\u010dekuje se ve\u0107 u martu ove godine, potvr\u0111eno je tokom sastanka gradske delegacije s Federalnim ministarstvom prometa i komunikacija. Delegacija Grada Biha\u0107a, predvo\u0111ena gradona\u010delnikom Elvedinom Sedi\u0107em, posjetila je resorno ministarstvo [&hellip;]<\/p>\n","protected":false},"author":1,"featured_media":31186,"comment_status":"open","ping_status":"open","sticky":false,"template":"","format":"standard","meta":{"_siteseo_robots_primary_cat":"","footnotes":""},"categories":[],"tags":[],"class_list":["post-31185","post","type-post","status-publish","format-standard","has-post-thumbnail"],"_links":{"self":[{"href":"https:\/\/modusportal.ba\/mojevijesti\/wp-json\/wp\/v2\/posts\/31185","targetHints":{"allow":["GET"]}}],"collection":[{"href":"https:\/\/modusportal.ba\/mojevijesti\/wp-json\/wp\/v2\/posts"}],"about":[{"href":"https:\/\/modusportal.ba\/mojevijesti\/wp-json\/wp\/v2\/types\/post"}],"author":[{"embeddable":true,"href":"https:\/\/modusportal.ba\/mojevijesti\/wp-json\/wp\/v2\/users\/1"}],"replies":[{"embeddable":true,"href":"https:\/\/modusportal.ba\/mojevijesti\/wp-json\/wp\/v2\/comments?post=31185"}],"version-history":[{"count":0,"href":"https:\/\/modusportal.ba\/mojevijesti\/wp-json\/wp\/v2\/posts\/31185\/revisions"}],"wp:featuredmedia":[{"embeddable":true,"href":"https:\/\/modusportal.ba\/mojevijesti\/wp-json\/wp\/v2\/media\/31186"}],"wp:attachment":[{"href":"https:\/\/modusportal.ba\/mojevijesti\/wp-json\/wp\/v2\/media?parent=31185"}],"wp:term":[{"taxonomy":"category","embeddable":true,"href":"https:\/\/modusportal.ba\/mojevijesti\/wp-json\/wp\/v2\/categories?post=31185"},{"taxonomy":"post_tag","embeddable":true,"href":"https:\/\/modusportal.ba\/mojevijesti\/wp-json\/wp\/v2\/tags?post=31185"}],"curies":[{"name":"wp","href":"https:\/\/api.w.org\/{rel}","templated":true}]}}