{"id":31198,"date":"2026-01-12T19:35:35","date_gmt":"2026-01-12T19:35:35","guid":{"rendered":"https:\/\/modusportal.ba\/mojevijesti\/2026\/01\/12\/oglasila-se-islamska-zajednica-u-bih-o-izjavi-mustafe-cerica\/"},"modified":"2026-01-12T19:35:35","modified_gmt":"2026-01-12T19:35:35","slug":"oglasila-se-islamska-zajednica-u-bih-o-izjavi-mustafe-cerica","status":"publish","type":"post","link":"https:\/\/modusportal.ba\/mojevijesti\/2026\/01\/12\/oglasila-se-islamska-zajednica-u-bih-o-izjavi-mustafe-cerica\/","title":{"rendered":"Oglasila se Islamska zajednica u BiH o izjavi Mustafe Ceri\u0107a"},"content":{"rendered":"<p><\/p>\n<p><img loading=\"lazy\" decoding=\"async\" loading=\"lazy\" width=\"1024\" height=\"538\" src=\"https:\/\/cdn.fokus.ba\/wp-content\/uploads\/2026\/01\/mustafa-ceric-1024x538.jpg\" class=\"attachment-large size-large wp-post-image\" alt=\"Mustafa Ceri\u0107\"><\/p>\n<p>&#8220;Ovakve rasprave nisu konstruktive, ne razvijaju, niti poti\u010du me\u0111usobno uva\u017eavanje koje nam je u ovom trenutku tako potrebno&#8221;, navode u IZ u BiH<\/p>\n<p><a href=\"https:\/\/www.fokus.ba\/vijesti\/bih\/oglasila-se-islamska-zajednica-u-bih-o-izjavi-mustafe-cerica\/3519700\/\">Fokus.ba <\/a><\/p>\n","protected":false},"excerpt":{"rendered":"<p>&#8220;Ovakve rasprave nisu konstruktive, ne razvijaju, niti poti\u010du me\u0111usobno uva\u017eavanje koje nam je u ovom trenutku tako potrebno&#8221;, navode u IZ u BiH Fokus.ba<\/p>\n","protected":false},"author":1,"featured_media":31199,"comment_status":"open","ping_status":"open","sticky":false,"template":"","format":"standard","meta":{"_siteseo_robots_primary_cat":"","footnotes":""},"categories":[],"tags":[],"class_list":["post-31198","post","type-post","status-publish","format-standard","has-post-thumbnail"],"_links":{"self":[{"href":"https:\/\/modusportal.ba\/mojevijesti\/wp-json\/wp\/v2\/posts\/31198","targetHints":{"allow":["GET"]}}],"collection":[{"href":"https:\/\/modusportal.ba\/mojevijesti\/wp-json\/wp\/v2\/posts"}],"about":[{"href":"https:\/\/modusportal.ba\/mojevijesti\/wp-json\/wp\/v2\/types\/post"}],"author":[{"embeddable":true,"href":"https:\/\/modusportal.ba\/mojevijesti\/wp-json\/wp\/v2\/users\/1"}],"replies":[{"embeddable":true,"href":"https:\/\/modusportal.ba\/mojevijesti\/wp-json\/wp\/v2\/comments?post=31198"}],"version-history":[{"count":0,"href":"https:\/\/modusportal.ba\/mojevijesti\/wp-json\/wp\/v2\/posts\/31198\/revisions"}],"wp:featuredmedia":[{"embeddable":true,"href":"https:\/\/modusportal.ba\/mojevijesti\/wp-json\/wp\/v2\/media\/31199"}],"wp:attachment":[{"href":"https:\/\/modusportal.ba\/mojevijesti\/wp-json\/wp\/v2\/media?parent=31198"}],"wp:term":[{"taxonomy":"category","embeddable":true,"href":"https:\/\/modusportal.ba\/mojevijesti\/wp-json\/wp\/v2\/categories?post=31198"},{"taxonomy":"post_tag","embeddable":true,"href":"https:\/\/modusportal.ba\/mojevijesti\/wp-json\/wp\/v2\/tags?post=31198"}],"curies":[{"name":"wp","href":"https:\/\/api.w.org\/{rel}","templated":true}]}}