{"id":31200,"date":"2026-01-13T01:39:31","date_gmt":"2026-01-13T01:39:31","guid":{"rendered":"https:\/\/modusportal.ba\/mojevijesti\/2026\/01\/13\/ko-bi-jos-mogao-imati-pravo-na-djecji-dodatak-od-195-km\/"},"modified":"2026-01-13T01:39:31","modified_gmt":"2026-01-13T01:39:31","slug":"ko-bi-jos-mogao-imati-pravo-na-djecji-dodatak-od-195-km","status":"publish","type":"post","link":"https:\/\/modusportal.ba\/mojevijesti\/2026\/01\/13\/ko-bi-jos-mogao-imati-pravo-na-djecji-dodatak-od-195-km\/","title":{"rendered":"Ko bi jo\u0161 mogao imati pravo na dje\u010dji dodatak od 195 KM"},"content":{"rendered":"<p><\/p>\n<p><img loading=\"lazy\" decoding=\"async\" loading=\"lazy\" width=\"1024\" height=\"538\" src=\"https:\/\/cdn.fokus.ba\/wp-content\/uploads\/2026\/01\/novac-pare-1024x538.webp\" class=\"attachment-large size-large wp-post-image\" alt=\"Novac\"><\/p>\n<p>Cilj je sprije\u010diti daljnju finansijsku diskriminaciju porodica \u010diji prihodi ne prelaze minimalne \u017eivotne standarde<\/p>\n<p><a href=\"https:\/\/www.fokus.ba\/vijesti\/bih\/ko-bi-jos-mogao-imati-pravo-na-djecji-dodatak-od-195-km\/3519711\/\">Fokus.ba <\/a><\/p>\n","protected":false},"excerpt":{"rendered":"<p>Cilj je sprije\u010diti daljnju finansijsku diskriminaciju porodica \u010diji prihodi ne prelaze minimalne \u017eivotne standarde Fokus.ba<\/p>\n","protected":false},"author":1,"featured_media":31201,"comment_status":"open","ping_status":"open","sticky":false,"template":"","format":"standard","meta":{"_siteseo_robots_primary_cat":"","footnotes":""},"categories":[],"tags":[],"class_list":["post-31200","post","type-post","status-publish","format-standard","has-post-thumbnail"],"_links":{"self":[{"href":"https:\/\/modusportal.ba\/mojevijesti\/wp-json\/wp\/v2\/posts\/31200","targetHints":{"allow":["GET"]}}],"collection":[{"href":"https:\/\/modusportal.ba\/mojevijesti\/wp-json\/wp\/v2\/posts"}],"about":[{"href":"https:\/\/modusportal.ba\/mojevijesti\/wp-json\/wp\/v2\/types\/post"}],"author":[{"embeddable":true,"href":"https:\/\/modusportal.ba\/mojevijesti\/wp-json\/wp\/v2\/users\/1"}],"replies":[{"embeddable":true,"href":"https:\/\/modusportal.ba\/mojevijesti\/wp-json\/wp\/v2\/comments?post=31200"}],"version-history":[{"count":0,"href":"https:\/\/modusportal.ba\/mojevijesti\/wp-json\/wp\/v2\/posts\/31200\/revisions"}],"wp:featuredmedia":[{"embeddable":true,"href":"https:\/\/modusportal.ba\/mojevijesti\/wp-json\/wp\/v2\/media\/31201"}],"wp:attachment":[{"href":"https:\/\/modusportal.ba\/mojevijesti\/wp-json\/wp\/v2\/media?parent=31200"}],"wp:term":[{"taxonomy":"category","embeddable":true,"href":"https:\/\/modusportal.ba\/mojevijesti\/wp-json\/wp\/v2\/categories?post=31200"},{"taxonomy":"post_tag","embeddable":true,"href":"https:\/\/modusportal.ba\/mojevijesti\/wp-json\/wp\/v2\/tags?post=31200"}],"curies":[{"name":"wp","href":"https:\/\/api.w.org\/{rel}","templated":true}]}}