{"id":31204,"date":"2026-01-13T13:58:56","date_gmt":"2026-01-13T13:58:56","guid":{"rendered":"https:\/\/modusportal.ba\/mojevijesti\/2026\/01\/13\/mustafa-tabakovic-novi-clan-df-a\/"},"modified":"2026-01-13T13:58:56","modified_gmt":"2026-01-13T13:58:56","slug":"mustafa-tabakovic-novi-clan-df-a","status":"publish","type":"post","link":"https:\/\/modusportal.ba\/mojevijesti\/2026\/01\/13\/mustafa-tabakovic-novi-clan-df-a\/","title":{"rendered":"Mustafa Tabakovi\u0107 novi \u010dlan DF-a"},"content":{"rendered":"<p><\/p>\n<p><img loading=\"lazy\" decoding=\"async\" loading=\"lazy\" width=\"1024\" height=\"538\" src=\"https:\/\/cdn.fokus.ba\/wp-content\/uploads\/2026\/01\/Mustafa-Tabakovic-DF-1-1024x538.jpg\" class=\"attachment-large size-large wp-post-image\" alt=\"Mustafa Tabakovi\u0107 pristupio DF-u\"><\/p>\n<p>Dobrodo\u0161licu u Demokratsku frontu Tabakovi\u0107u su po\u017eeljeli predsjednik stranke \u017deljko Kom\u0161i\u0107, generalni sekretar D\u017eenan \u0110onlagi\u0107, izvr\u0161ni sekretar Hamed Hod\u017ei\u0107, predsjednik Kantonalne organizacije Tuzlanskog kantona Zlatan Begi\u0107 te Mahir Me\u0161ali\u0107, predsjednik Gradskog odbora Tuzla<\/p>\n<p><a href=\"https:\/\/www.fokus.ba\/vijesti\/bih\/mustafa-tabakovic-novi-clan-df-a\/3519803\/\">Fokus.ba <\/a><\/p>\n","protected":false},"excerpt":{"rendered":"<p>Dobrodo\u0161licu u Demokratsku frontu Tabakovi\u0107u su po\u017eeljeli predsjednik stranke \u017deljko Kom\u0161i\u0107, generalni sekretar D\u017eenan \u0110onlagi\u0107, izvr\u0161ni sekretar Hamed Hod\u017ei\u0107, predsjednik Kantonalne organizacije Tuzlanskog kantona Zlatan Begi\u0107 te Mahir Me\u0161ali\u0107, predsjednik Gradskog odbora Tuzla Fokus.ba<\/p>\n","protected":false},"author":1,"featured_media":31205,"comment_status":"open","ping_status":"open","sticky":false,"template":"","format":"standard","meta":{"_siteseo_robots_primary_cat":"","footnotes":""},"categories":[],"tags":[],"class_list":["post-31204","post","type-post","status-publish","format-standard","has-post-thumbnail"],"_links":{"self":[{"href":"https:\/\/modusportal.ba\/mojevijesti\/wp-json\/wp\/v2\/posts\/31204","targetHints":{"allow":["GET"]}}],"collection":[{"href":"https:\/\/modusportal.ba\/mojevijesti\/wp-json\/wp\/v2\/posts"}],"about":[{"href":"https:\/\/modusportal.ba\/mojevijesti\/wp-json\/wp\/v2\/types\/post"}],"author":[{"embeddable":true,"href":"https:\/\/modusportal.ba\/mojevijesti\/wp-json\/wp\/v2\/users\/1"}],"replies":[{"embeddable":true,"href":"https:\/\/modusportal.ba\/mojevijesti\/wp-json\/wp\/v2\/comments?post=31204"}],"version-history":[{"count":0,"href":"https:\/\/modusportal.ba\/mojevijesti\/wp-json\/wp\/v2\/posts\/31204\/revisions"}],"wp:featuredmedia":[{"embeddable":true,"href":"https:\/\/modusportal.ba\/mojevijesti\/wp-json\/wp\/v2\/media\/31205"}],"wp:attachment":[{"href":"https:\/\/modusportal.ba\/mojevijesti\/wp-json\/wp\/v2\/media?parent=31204"}],"wp:term":[{"taxonomy":"category","embeddable":true,"href":"https:\/\/modusportal.ba\/mojevijesti\/wp-json\/wp\/v2\/categories?post=31204"},{"taxonomy":"post_tag","embeddable":true,"href":"https:\/\/modusportal.ba\/mojevijesti\/wp-json\/wp\/v2\/tags?post=31204"}],"curies":[{"name":"wp","href":"https:\/\/api.w.org\/{rel}","templated":true}]}}